{"id":17674,"date":"2015-07-24T16:52:21","date_gmt":"2015-07-24T15:52:21","guid":{"rendered":"http:\/\/2horizontes.com\/?p=17674"},"modified":"2015-07-24T16:52:21","modified_gmt":"2015-07-24T15:52:21","slug":"republica-dominicana-contara-con-nueva-aerolinea-a-partir-de-agosto-de-este-ano","status":"publish","type":"post","link":"https:\/\/2horizontes.com\/?p=17674","title":{"rendered":"Rep\u00fablica Dominicana contara con  nueva  aerol\u00ednea a partir de agosto de este a\u00f1o"},"content":{"rendered":"<p>SANTO DOMINGO.- Despu\u00e9s de 14 a\u00f1os la Rep\u00fablica Dominicana volver\u00e1 a contar con una aerol\u00ednea, con el inicio formal de las operaciones de la compa\u00f1\u00eda de aviaci\u00f3n PAWA Dominicana el pr\u00f3ximo mes de agosto, inform\u00f3 la empresa a\u00e9rea.<\/p>\n<p>Ya \u201cera hora de que el pa\u00eds tuviera una aerol\u00ednea. PAWA nos pondr\u00e1 al nivel mundial de cualquier aerol\u00ednea de prestigio. Se trata de la primera aerol\u00ednea criolla, donde la tripulaci\u00f3n hablar\u00e1 dominicano y ofrecer\u00e1 precios competitivos\u201d, dijo el director de Asuntos Corporativos de la aerol\u00ednea, Alexander Barrios.<\/p>\n<p>El directivo explic\u00f3 en una rueda de prensa que se trata de una aerol\u00ednea \u201cdominicana para dominicanos\u201d que aspira a convertirse en el centro de conexi\u00f3n para todo el Caribe, aunque afirm\u00f3 que solo el 35 % de los accionistas son de Rep\u00fablica Dominicana.<\/p>\n<p>La inversi\u00f3n inicial fue de 30 millones de d\u00f3lares y en un principio tendr\u00e1 13 pilotos, 30 miembros de tripulaci\u00f3n y siete aviones, acot\u00f3.<\/p>\n<p>El grupo accionarial y directivo de PAWA Dominicana cuenta con una \u201cexitosa trayectoria\u201d de m\u00e1s de 25 a\u00f1os al frente de otras aerol\u00edneas internacionales, que en conjunto transportan alrededor de 2,7 millones de pasajeros, agreg\u00f3.<\/p>\n<p>Los inversores internacionales de PAWA est\u00e1n liderados por Sime\u00f3n Garc\u00eda, cabeza de la venezolana SBA Airlines.<\/p>\n<p>Las \u00faltimas empresas a\u00e9reas dominicanas hab\u00edan sido APA International Air, que oper\u00f3 entre 1980 y 2001, y la estatal Dominicana de Aviaci\u00f3n, fundada en 1944 y que por problemas econ\u00f3micos cerr\u00f3 oficialmente en 1995, aunque dej\u00f3 de funcionar en 1999.<\/p>\n<p>En un principio la empresa, cuya base de operaciones estar\u00e1 en el Aeropuerto Internacional de las Am\u00e9ricas, en Santo Domingo, tendr\u00e1 24 vuelos semanales los lunes, mi\u00e9rcoles, viernes y domingo a destinos como Aruba, Curazao y St. Marteen.<\/p>\n<p>Luego, \u201cen un per\u00edodo no mayor de seis a ocho meses\u201d, se incorporar\u00e1n paulatinamente destinos como San Juan de Puerto Rico, La Habana, as\u00ed como Miami y Nueva York, en Estados Unidos.<\/p>\n<p>Barrios explic\u00f3 que en un futuro esperan abarcar todo el Caribe y que las rutas ya han sido aprobadas por las autoridades pertinentes.\u201dEstaremos operando con los m\u00e1s altos est\u00e1ndares internacionales\u201d, se\u00f1al\u00f3.<\/p>\n<p>Para las rutas en el Caribe, los vuelos se realizar\u00e1n en aviones modelos DC-9, con capacidad para 100 asientos, y MD-80 Series con disponibilidad de 160 asientos, lo cual representar\u00e1 una oferta de unas 3.200 sillas a la semana y 12.900 al mes.<\/p>\n<p>La aerol\u00ednea, que tambi\u00e9n servir\u00e1 de transporte de carga a Nueva York y Miami, comenzar\u00e1 operaciones con 116 empleados, el 95 % dominicanos, incluyendo tripulantes de mando y de cabina, as\u00ed como personal t\u00e9cnico especializado en el \u00e1rea aeron\u00e1utica.<\/p>\n<p>PAWA Dominicana fue creada en 2002 como filial de Pan American World Airways y en 2008 inaugur\u00f3 el primer vuelo regular de una aerol\u00ednea dominicana a EE.UU. desde 1993, sostiene la empresa en su p\u00e1gina web.<\/p>\n<p>El a\u00f1o pasado, tras una pausa en sus operaciones, ingresa una nueva administraci\u00f3n que busca la recertificaci\u00f3n de la compa\u00f1\u00eda y un plan de expansi\u00f3n por la regi\u00f3n.<\/p>\n","protected":false},"excerpt":{"rendered":"<p>SANTO DOMINGO.- Despu\u00e9s de 14 a\u00f1os la Rep\u00fablica Dominicana volver\u00e1 a contar con una aerol\u00ednea, con el inicio formal de las operaciones de la compa\u00f1\u00eda de aviaci\u00f3n PAWA Dominicana el pr\u00f3ximo mes de agosto, inform\u00f3 la empresa a\u00e9rea. Ya \u201cera hora de que el pa\u00eds tuviera una aerol\u00ednea. PAWA nos pondr\u00e1 al nivel mundial de [&hellip;]<\/p>\n","protected":false},"author":4,"featured_media":17675,"comment_status":"open","ping_status":"open","sticky":false,"template":"","format":"standard","meta":{"footnotes":""},"categories":[44],"tags":[],"class_list":["post-17674","post","type-post","status-publish","format-standard","has-post-thumbnail","hentry","category-republica-dominicana"],"_links":{"self":[{"href":"https:\/\/2horizontes.com\/index.php?rest_route=\/wp\/v2\/posts\/17674","targetHints":{"allow":["GET"]}}],"collection":[{"href":"https:\/\/2horizontes.com\/index.php?rest_route=\/wp\/v2\/posts"}],"about":[{"href":"https:\/\/2horizontes.com\/index.php?rest_route=\/wp\/v2\/types\/post"}],"author":[{"embeddable":true,"href":"https:\/\/2horizontes.com\/index.php?rest_route=\/wp\/v2\/users\/4"}],"replies":[{"embeddable":true,"href":"https:\/\/2horizontes.com\/index.php?rest_route=%2Fwp%2Fv2%2Fcomments&post=17674"}],"version-history":[{"count":1,"href":"https:\/\/2horizontes.com\/index.php?rest_route=\/wp\/v2\/posts\/17674\/revisions"}],"predecessor-version":[{"id":17676,"href":"https:\/\/2horizontes.com\/index.php?rest_route=\/wp\/v2\/posts\/17674\/revisions\/17676"}],"wp:featuredmedia":[{"embeddable":true,"href":"https:\/\/2horizontes.com\/index.php?rest_route=\/wp\/v2\/media\/17675"}],"wp:attachment":[{"href":"https:\/\/2horizontes.com\/index.php?rest_route=%2Fwp%2Fv2%2Fmedia&parent=17674"}],"wp:term":[{"taxonomy":"category","embeddable":true,"href":"https:\/\/2horizontes.com\/index.php?rest_route=%2Fwp%2Fv2%2Fcategories&post=17674"},{"taxonomy":"post_tag","embeddable":true,"href":"https:\/\/2horizontes.com\/index.php?rest_route=%2Fwp%2Fv2%2Ftags&post=17674"}],"curies":[{"name":"wp","href":"https:\/\/api.w.org\/{rel}","templated":true}]}}