{"id":17668,"date":"2015-07-24T16:43:10","date_gmt":"2015-07-24T15:43:10","guid":{"rendered":"http:\/\/2horizontes.com\/?p=17668"},"modified":"2015-07-24T16:43:10","modified_gmt":"2015-07-24T15:43:10","slug":"por-que-mexico-es-el-unico-pais-de-america-latina-que-no-reduce-la-pobreza","status":"publish","type":"post","link":"https:\/\/2horizontes.com\/?p=17668","title":{"rendered":"\u00bfPor qu\u00e9 M\u00e9xico es el \u00fanico pa\u00eds de Am\u00e9rica Latina que no reduce la pobreza?"},"content":{"rendered":"<p class=\"story-body__introduction\">La pobreza humilla a M\u00e9xico. Los indicadores llevan d\u00e9cadas sin ver mejor\u00edas y la batalla se hace cada vez m\u00e1s cuesta arriba.<\/p>\n<p>El gobierno present\u00f3 este jueves las primeras mediciones desde la llegada de Enrique Pe\u00f1a Nieto a la presidencia a fines de 2012.<\/p>\n<p>En los \u00faltimos dos a\u00f1os, inform\u00f3 el Consejo Nacional de Evaluaci\u00f3n de la Pol\u00edtica de Desarrollo Social (Coneval), dos millones de mexicanos cayeron en la pobreza.<\/p>\n<p>De esta forma el porcentaje de la poblaci\u00f3n en esa situaci\u00f3n pas\u00f3 del 45,5% en 2012 al 46,2% en 2014.<\/p>\n<p>Es decir, 55,3 millones de personas son pobres en la segunda mayor econom\u00eda de Am\u00e9rica Latina.<\/p>\n<figure class=\"media-landscape full-width has-caption\"><img loading=\"lazy\" decoding=\"async\" class=\"js-image-replace\" src=\"http:\/\/ichef-1.bbci.co.uk\/news\/ws\/624\/amz\/worldservice\/live\/assets\/images\/2015\/07\/24\/150724040502_mexico_pobreza_2_afp_624.jpg\" alt=\"Pobreza en M\u00e9xico\" width=\"624\" height=\"351\" \/><figcaption class=\"media-caption\"><span class=\"media-caption__text\">La persona que tenga al menos una carencia social y un ingreso menor al valor de la l\u00ednea de bienestar se considera que est\u00e1 por debajo de la l\u00ednea de pobreza.<\/span><\/figcaption><\/figure>\n<p>\u00abLa reducci\u00f3n efectiva de la pobreza s\u00f3lo puede lograrse con crecimiento sostenido de la econom\u00eda y la productividad\u00bb, le dice a BBC Mundo Gonzalo Hern\u00e1ndez, secretario ejecutivo del Coneval.<\/p>\n<p>\u00abEsto ha sido un problema en M\u00e9xico, si bien la econom\u00eda ha crecido, ha resultado insuficiente y no s\u00f3lo desde la crisis de 2008, estamos hablando de que es un problema en los \u00faltimos 30 a\u00f1os\u00bb, a\u00f1ade.<\/p>\n<p>Una de las razones para este reciente incremento, aseguran las autoridades, es la ca\u00edda de los ingresos en t\u00e9rminos reales del 3,5%.<\/p>\n<h2 class=\"story-body__crosshead\">La medici\u00f3n<\/h2>\n<p>El \u00edndice de pobreza utilizado por el Coneval es multidimensional.<\/p>\n<p>Mide el ingreso y las carencias sociales, como acceso a servicios de salud, seguridad social, alimentaci\u00f3n y servicios b\u00e1sicos en la vivienda, la calidad y el espacio en la vivienda y el rezago educativo.<\/p>\n<p>La persona que tenga al menos una carencia social y un ingreso menor al valor de la l\u00ednea de bienestar se considera que est\u00e1 por debajo de la l\u00ednea de pobreza.<\/p>\n<figure class=\"media-landscape full-width has-caption\"><img loading=\"lazy\" decoding=\"async\" class=\"js-image-replace\" src=\"http:\/\/ichef.bbci.co.uk\/news\/ws\/624\/amz\/worldservice\/live\/assets\/images\/2015\/07\/24\/150724040547_mexico_pobreza_3_afp_624.jpg\" alt=\"Pobreza en M\u00e9xico\" width=\"624\" height=\"351\" \/><figcaption class=\"media-caption\"><span class=\"media-caption__text\">Las cifras oficiales indican que apenas el 20,5% de la poblaci\u00f3n (24,6 millones de personas) se encuentra en la categor\u00eda \u00abno pobre y no vulnerable\u00bb.<\/span><\/figcaption><\/figure>\n<p>El ingreso es de 2.542 pesos (US$156) para el sector urbano y 1.614 (US$100) para el rural.<\/p>\n<p>En el caso de la pobreza extrema, que se redujo del 9,8% al 9,5% de la poblaci\u00f3n, incluye a quienes tienen un ingreso inferior al de la l\u00ednea de bienestar m\u00ednima (US$77 y US$53, urbano y rural, respectivamente) y adem\u00e1s tienen tres o m\u00e1s carencias sociales.<\/p>\n<p>Son 11,4 millones de personas las que se encuentran en esta situaci\u00f3n, 100.000 menos que hace dos a\u00f1os.<\/p>\n<p>La Secretar\u00eda de Desarrollo Social (Sedesol) destac\u00f3 en un comunicado esta mejor\u00eda: \u00abMuestra que la prioridad que se plante\u00f3 la pol\u00edtica social de ir primero al n\u00facleo duro de la pobreza (&#8230;) est\u00e1 dando resultados\u00bb.<\/p>\n<h2 class=\"story-body__crosshead\">Vulnerabilidad<\/h2>\n<p>Las cifras oficiales indican que apenas el 20,5% de la poblaci\u00f3n (24,6 millones de personas) se encuentra en la categor\u00eda \u00abno pobre y no vulnerable\u00bb.<\/p>\n<p>Existen 31,5 millones de personas que promedian casi dos carencias sociales, por lo que se encuentran en estado de vulnerabilidad.<\/p>\n<figure class=\"media-landscape full-width has-caption\"><img loading=\"lazy\" decoding=\"async\" class=\"js-image-replace\" src=\"http:\/\/ichef.bbci.co.uk\/news\/ws\/624\/amz\/worldservice\/live\/assets\/images\/2015\/07\/24\/150724040548_mexico_pobreza_4_afp_624.jpg\" alt=\"Pobreza en M\u00e9xico\" width=\"624\" height=\"351\" \/><figcaption class=\"media-caption\"><span class=\"media-caption__text\">En Chiapas tres de cada cuatro personas son pobres (76,2%) y casi un tercio de la poblaci\u00f3n se encuentra en pobreza extrema.<\/span><\/figcaption><\/figure>\n<p>A nivel de estados, los m\u00e1s pobres siguen siendo los del sur del pa\u00eds.<\/p>\n<p>En Chiapas tres de cada cuatro personas son pobres (76,2%) y casi un tercio de la poblaci\u00f3n se encuentra en pobreza extrema.<\/p>\n<p>Le siguen Oaxaca (66,8%), Guerrero (65,2%) y Puebla (64,5%).<\/p>\n<p>Las entidades con menores porcentajes son: Nuevo Le\u00f3n (20,4%), Distrito Federal (28,4%), Baja California (28,6%) y Sonora (29,4%).<\/p>\n<h2 class=\"story-body__crosshead\">Las razones<\/h2>\n<p>M\u00e9xico, asegur\u00f3 la Organizaci\u00f3n para la Cooperaci\u00f3n y el Desarrollo Econ\u00f3micos (OCDE) esta semana, \u00abes el \u00fanico pa\u00eds latinoamericano que registra una tendencia regresiva en materia de reducci\u00f3n de la pobreza\u00bb.<\/p>\n<figure class=\"media-landscape full-width has-caption\"><img loading=\"lazy\" decoding=\"async\" class=\"js-image-replace\" src=\"http:\/\/ichef-1.bbci.co.uk\/news\/ws\/624\/amz\/worldservice\/live\/assets\/images\/2015\/07\/24\/150724040648_mexico_pobreza_5_afp_624.jpg\" alt=\"Pobreza en M\u00e9xico\" width=\"624\" height=\"351\" \/><figcaption class=\"media-caption\"><span class=\"media-caption__text\">El gobierno present\u00f3 este jueves las primeras mediciones desde la llegada de Enrique Pe\u00f1a Nieto a la presidencia a fines de 2012.<\/span><\/figcaption><\/figure>\n<p>En su estudio \u00abDiagn\u00f3stico de desarrollo regional: M\u00e9xico\u00bb, la organizaci\u00f3n da cuenta que los niveles de pobreza no han cambiado en los \u00faltimos 20 a\u00f1os \u00abdebido a la reducida tasa de crecimiento de la econom\u00eda y la desigual distribuci\u00f3n de los ingresos\u00bb.<\/p>\n<p>S\u00f3lo medida por el nivel de ingreso, la pobreza alcanzaba en 1992 al 53,1% de la poblaci\u00f3n, y ahora llega al 53,2%.<\/p>\n<p>Pas\u00f3 por un pico de 69% en 1996 y lleg\u00f3 a bajar al 42,9% diez a\u00f1os despu\u00e9s, pero desde entonces no ha parado de crecer.<\/p>\n<p>Seg\u00fan la OCDE, la pobreza procede en gran parte del amplio sector informal de trabajos de bajos salarios con una reducida productividad, la falta de acceso a la formaci\u00f3n y las limitaciones de las redes de seguridad social.<\/p>\n<h2 class=\"story-body__crosshead\">La desigualdad<\/h2>\n<p>\u00abHay un problema estructural que impide que la poblaci\u00f3n tenga una capacidad suficiente de generaci\u00f3n de ingresos a pesar de los m\u00faltiples programas sociales que se han implementado en las \u00faltimas dos d\u00e9cadas\u00bb, le dice a BBC Mundo el economista Gerardo Esquivel.<\/p>\n<p>El investigador, autor del reciente estudio \u00abDesigualdad extrema en M\u00e9xico, concentraci\u00f3n del poder econ\u00f3mico y pol\u00edtico\u00bb, se\u00f1ala que no s\u00f3lo las pol\u00edticas sociales han resultado insuficientes sino que los beneficios del crecimiento no han estado bien distribuidos.<\/p>\n<figure class=\"media-landscape full-width has-caption\"><img loading=\"lazy\" decoding=\"async\" class=\"js-image-replace\" src=\"http:\/\/ichef.bbci.co.uk\/news\/ws\/624\/amz\/worldservice\/live\/assets\/images\/2015\/07\/24\/150724040648_mexico_pobreza_6_afp_624.jpg\" alt=\"Pobreza en M\u00e9xico\" width=\"624\" height=\"351\" \/><figcaption class=\"media-caption\"><span class=\"media-caption__text\">Mientras la cantidad de pobres aumenta, la de millonarios en el pa\u00eds se increment\u00f3 un 32% entre 2007 y 2012.<\/span><\/figcaption><\/figure>\n<p>La desigualdad es el c\u00e1ncer que frena a M\u00e9xico, que est\u00e1 dentro del 25% de los pa\u00edses con mayores niveles de desigualdad en el mundo.<\/p>\n<p>Es el pa\u00eds en donde al 1% m\u00e1s rico le corresponde un mayor porcentaje del ingreso total (21%), de acuerdo al estudio de Esquivel.<\/p>\n<p>El Global Wealth Report 2014 determin\u00f3 que el 10% m\u00e1s rico de M\u00e9xico concentra el 64,4% de toda la riqueza del pa\u00eds.<\/p>\n<p>Y mientras la cantidad de pobres aumenta, la de millonarios en el pa\u00eds se increment\u00f3 un 32% entre 2007 y 2012.<\/p>\n<p>Para Julio Boltvinik, economista de El Colegio de M\u00e9xico, uno de los problemas es la pol\u00edtica econ\u00f3mica.<\/p>\n<p>\u00abTenemos un sistema que no cobra impuestos a los ricos, que no usa el gasto p\u00fablico como un est\u00edmulo para generar empleo y crecimiento, y que va acompa\u00f1ado de una pol\u00edtica cambiaria y monetaria de freno a la econom\u00eda\u00bb, se\u00f1ala en conversaci\u00f3n con BBC Mundo.<\/p>\n<p>\u00abNo hay est\u00edmulos para el desarrollo y desde los 80 ya no hay crecimiento inducido desde las empresas y las obras p\u00fablicas\u00bb, agrega.<\/p>\n<p>Boltvinik, quien lleva m\u00e1s de tres d\u00e9cadas estudiando la pobreza en el pa\u00eds, present\u00f3 esta semana su estudio \u00abEvoluci\u00f3n de la pobreza y la estratificaci\u00f3n social en M\u00e9xico\u00bb.<\/p>\n<p>All\u00ed asegura que en realidad son 100 millones de mexicanos los que viven en la pobreza pues en su investigaci\u00f3n toma en cuenta el ingreso y 17 necesidades b\u00e1sicas.<\/p>\n<h2 class=\"story-body__crosshead\">\u00bfC\u00f3mo hacerle frente?<\/h2>\n<p>M\u00e9xico tiene solidez macroecon\u00f3mica, la inflaci\u00f3n bajo control y s\u00f3lidas reservas internacionales.<\/p>\n<p>El gobierno se encuentra embarcado en una serie de reformas estructurales, con la energ\u00e9tica a la cabeza, con la que busca ser m\u00e1s productivo y atraer inversiones.<\/p>\n<p>Pero M\u00e9xico todav\u00eda es un pa\u00eds donde casi dos tercios de la poblaci\u00f3n activa trabaja sin derecho a pensi\u00f3n ni seguridad social.<\/p>\n<p>Para la Sedesol el combate a la pobreza pasa por un \u00abmayor crecimiento econ\u00f3mico, la generaci\u00f3n de empleos, la democratizaci\u00f3n de la productividad y una mejor distribuci\u00f3n del ingreso\u00bb.<\/p>\n<figure class=\"media-landscape body-narrow-width has-caption\"><img loading=\"lazy\" decoding=\"async\" class=\"js-image-replace\" src=\"http:\/\/ichef.bbci.co.uk\/news\/ws\/304\/amz\/worldservice\/live\/assets\/images\/2012\/07\/02\/120702092353_pobreza_mexico__304x171_getty_nocredit.jpg\" alt=\"Pobreza en M\u00e9xico\" width=\"304\" height=\"171\" \/><figcaption class=\"media-caption\"><span class=\"media-caption__text\">Casi dos tercios de la poblaci\u00f3n activa trabaja sin derecho a pensi\u00f3n ni seguridad social.<\/span><\/figcaption><\/figure>\n<p>El propio organismo se\u00f1al\u00f3 que la \u00faltima medici\u00f3n \u00abconfirma los desaf\u00edos enormes\u00bb que enfrenta el pa\u00eds, aunque hizo hincapi\u00e9 en que el camino es el \u00abadecuado\u00bb.<\/p>\n<p>La OCDE considera que una de las claves para mejorar la situaci\u00f3n es mejorar el cobro de impuestos, tanto a nivel estatal como municipal.<\/p>\n<p>Para ello se deben fortalecer las capacidades t\u00e9cnicas e institucionales, opina la organizaci\u00f3n.<\/p>\n<p>\u00abLa base fiscal es reducida y la estructura de la tributaci\u00f3n ha fomenta la informalidad\u00bb, apunta el documento en el que se se\u00f1ala que es necesaria una pol\u00edtica m\u00e1s all\u00e1 del asistencialismo y dise\u00f1ar pol\u00edticas para un crecimiento sostenible.<\/p>\n<p>\u00abM\u00e9xico debe empezar a replantear su pol\u00edtica social en t\u00e9rminos de eliminar programas que no est\u00e1n funcionando\u00bb, indica Esquivel.<\/p>\n<p>\u00abY sobre todo\u00bb, a\u00f1ade\u00bb replantear el esquema econ\u00f3mico, con un crecimiento m\u00e1s equitativo y distribuir recursos hacia programas m\u00e1s de desarrollo econ\u00f3mico\u00bb.<\/p>\n<p>Las nuevas cifras \u00abtendr\u00edan que servir para, m\u00e1s all\u00e1 de politizar las cosas, ver cu\u00e1l es la ruta de salida a esta situaci\u00f3n de pobreza\u00bb, le dice a BBC Mundo Roc\u00edo Stevens, gerente de campa\u00f1as de Oxfam M\u00e9xico.<\/p>\n<p>Se debe \u00ababrir un debate verdadero sobre c\u00f3mo mejorar los ingresos de las familias\u00bb, a\u00f1ade.<\/p>\n<p>Parece haber consenso en el diagn\u00f3stico. A m\u00e1s de 50 millones de personas le urgen cambios.<\/p>\n","protected":false},"excerpt":{"rendered":"<p>La pobreza humilla a M\u00e9xico. Los indicadores llevan d\u00e9cadas sin ver mejor\u00edas y la batalla se hace cada vez m\u00e1s cuesta arriba. El gobierno present\u00f3 este jueves las primeras mediciones desde la llegada de Enrique Pe\u00f1a Nieto a la presidencia a fines de 2012. En los \u00faltimos dos a\u00f1os, inform\u00f3 el Consejo Nacional de Evaluaci\u00f3n [&hellip;]<\/p>\n","protected":false},"author":4,"featured_media":17669,"comment_status":"open","ping_status":"open","sticky":false,"template":"","format":"standard","meta":{"footnotes":""},"categories":[63],"tags":[],"class_list":["post-17668","post","type-post","status-publish","format-standard","has-post-thumbnail","hentry","category-economia"],"_links":{"self":[{"href":"https:\/\/2horizontes.com\/index.php?rest_route=\/wp\/v2\/posts\/17668","targetHints":{"allow":["GET"]}}],"collection":[{"href":"https:\/\/2horizontes.com\/index.php?rest_route=\/wp\/v2\/posts"}],"about":[{"href":"https:\/\/2horizontes.com\/index.php?rest_route=\/wp\/v2\/types\/post"}],"author":[{"embeddable":true,"href":"https:\/\/2horizontes.com\/index.php?rest_route=\/wp\/v2\/users\/4"}],"replies":[{"embeddable":true,"href":"https:\/\/2horizontes.com\/index.php?rest_route=%2Fwp%2Fv2%2Fcomments&post=17668"}],"version-history":[{"count":1,"href":"https:\/\/2horizontes.com\/index.php?rest_route=\/wp\/v2\/posts\/17668\/revisions"}],"predecessor-version":[{"id":17670,"href":"https:\/\/2horizontes.com\/index.php?rest_route=\/wp\/v2\/posts\/17668\/revisions\/17670"}],"wp:featuredmedia":[{"embeddable":true,"href":"https:\/\/2horizontes.com\/index.php?rest_route=\/wp\/v2\/media\/17669"}],"wp:attachment":[{"href":"https:\/\/2horizontes.com\/index.php?rest_route=%2Fwp%2Fv2%2Fmedia&parent=17668"}],"wp:term":[{"taxonomy":"category","embeddable":true,"href":"https:\/\/2horizontes.com\/index.php?rest_route=%2Fwp%2Fv2%2Fcategories&post=17668"},{"taxonomy":"post_tag","embeddable":true,"href":"https:\/\/2horizontes.com\/index.php?rest_route=%2Fwp%2Fv2%2Ftags&post=17668"}],"curies":[{"name":"wp","href":"https:\/\/api.w.org\/{rel}","templated":true}]}}