{"id":17641,"date":"2015-07-23T22:39:41","date_gmt":"2015-07-23T21:39:41","guid":{"rendered":"http:\/\/2horizontes.com\/?p=17641"},"modified":"2015-07-23T22:39:41","modified_gmt":"2015-07-23T21:39:41","slug":"pepe-aguilar-se-confiesa-roquero","status":"publish","type":"post","link":"https:\/\/2horizontes.com\/?p=17641","title":{"rendered":"Pepe Aguilar se confiesa roquero"},"content":{"rendered":"<p>M\u00c9XICO.\u2014 Sin colgar el traje de charro, Pepe Aguilar retomar\u00e1 sus ra\u00edces musicales y en su pr\u00f3ximo disco incluir\u00e1 temas a ritmo de rock, en colaboraci\u00f3n con la banda chilena Los Bunkers y el productor Yamil Rezc.<\/p>\n<p>Hace tres semanas ingresaron al estudio de grabaci\u00f3n y por el momento suman cinco canciones grabadas. De entre el repertorio a proponer, alguno temas fueron compuestos por Fato, otro por el guitarrista Felipe Botello, dos son de Los Bunkers y otro par de la inspiraci\u00f3n de Pepe Aguilar.<\/p>\n<p>\u201cHay muy buena vibra, todo fluye bien y lo m\u00e1s importante es que suena muy bien. Suena m\u00e1s rock, pero se dio sin querer. Yo llegu\u00e9 inocente con mis canciones, y de repente un guitarrazo por ac\u00e1, una bater\u00eda por ac\u00e1 y dije: \u2018v\u00e1monos como debe ser\u2019\u201d.<\/p>\n<p>Aunque no es la primera vez que Aguilar agrega el g\u00e9nero en sus \u00e1lbumes, incluso en el espect\u00e1culo que actualmente ofrece en su gira apuesta por la banda, la balada, el mariachi y el rock, aclar\u00f3 que nunca dejar\u00e1 de portar el traje de charro.<\/p>\n<p>\u201cEse no me lo puedo quitar porque lo traigo en la sangre. Tampoco soy una veleta que diga: \u2018ahora quiero ser reguetonero\u2019. Digamos que enfoco mi energ\u00eda hacia donde tenga mi convicci\u00f3n\u201d, coment\u00f3 Aguilar, quien no descartar\u00eda la posibilidad de presentarse en el Vive Latino, luego de que agrupaciones como Los \u00c1ngeles Azules y Los \u00c1ngeles Negros lo han hecho.<\/p>\n<p>El int\u00e9rprete de \u201cPor mujeres como t\u00fa\u201d y \u201cMiedo\u201d, coment\u00f3 en rueda de prensa, que se considera una especie de \u201cexorcizador\u201d, pues quienes asisten a sus shows esperan ver un estereotipo y salen con otra visi\u00f3n de su propuesta.<\/p>\n","protected":false},"excerpt":{"rendered":"<p>M\u00c9XICO.\u2014 Sin colgar el traje de charro, Pepe Aguilar retomar\u00e1 sus ra\u00edces musicales y en su pr\u00f3ximo disco incluir\u00e1 temas a ritmo de rock, en colaboraci\u00f3n con la banda chilena Los Bunkers y el productor Yamil Rezc. Hace tres semanas ingresaron al estudio de grabaci\u00f3n y por el momento suman cinco canciones grabadas. De entre [&hellip;]<\/p>\n","protected":false},"author":3,"featured_media":17642,"comment_status":"open","ping_status":"open","sticky":false,"template":"","format":"standard","meta":{"footnotes":""},"categories":[1],"tags":[],"class_list":["post-17641","post","type-post","status-publish","format-standard","has-post-thumbnail","hentry","category-entretenimiento"],"_links":{"self":[{"href":"https:\/\/2horizontes.com\/index.php?rest_route=\/wp\/v2\/posts\/17641","targetHints":{"allow":["GET"]}}],"collection":[{"href":"https:\/\/2horizontes.com\/index.php?rest_route=\/wp\/v2\/posts"}],"about":[{"href":"https:\/\/2horizontes.com\/index.php?rest_route=\/wp\/v2\/types\/post"}],"author":[{"embeddable":true,"href":"https:\/\/2horizontes.com\/index.php?rest_route=\/wp\/v2\/users\/3"}],"replies":[{"embeddable":true,"href":"https:\/\/2horizontes.com\/index.php?rest_route=%2Fwp%2Fv2%2Fcomments&post=17641"}],"version-history":[{"count":1,"href":"https:\/\/2horizontes.com\/index.php?rest_route=\/wp\/v2\/posts\/17641\/revisions"}],"predecessor-version":[{"id":17643,"href":"https:\/\/2horizontes.com\/index.php?rest_route=\/wp\/v2\/posts\/17641\/revisions\/17643"}],"wp:featuredmedia":[{"embeddable":true,"href":"https:\/\/2horizontes.com\/index.php?rest_route=\/wp\/v2\/media\/17642"}],"wp:attachment":[{"href":"https:\/\/2horizontes.com\/index.php?rest_route=%2Fwp%2Fv2%2Fmedia&parent=17641"}],"wp:term":[{"taxonomy":"category","embeddable":true,"href":"https:\/\/2horizontes.com\/index.php?rest_route=%2Fwp%2Fv2%2Fcategories&post=17641"},{"taxonomy":"post_tag","embeddable":true,"href":"https:\/\/2horizontes.com\/index.php?rest_route=%2Fwp%2Fv2%2Ftags&post=17641"}],"curies":[{"name":"wp","href":"https:\/\/api.w.org\/{rel}","templated":true}]}}