{"id":17533,"date":"2015-07-22T18:07:08","date_gmt":"2015-07-22T17:07:08","guid":{"rendered":"http:\/\/2horizontes.com\/?p=17533"},"modified":"2015-07-22T18:07:08","modified_gmt":"2015-07-22T17:07:08","slug":"haiti-retira-embajador-en-dominicana","status":"publish","type":"post","link":"https:\/\/2horizontes.com\/?p=17533","title":{"rendered":"Hait\u00ed retira embajador en Dominicana"},"content":{"rendered":"<p>RD-SANTO DOMINGO.- Hait\u00ed retir\u00f3 a su embajador en Rep\u00fablica Dominicana, Daniel Supplice, confirm\u00f3 el ex c\u00f3nsul Edwin Paraison.<\/p>\n<p>Dijo que Supplice le hab\u00eda explicado que \u201cno solo fue llamado a consulta, sino que, aparentemente, fue decisi\u00f3n gubernamental de llamarlo de regreso a Hait\u00ed\u201d. \u00a0Algunos sectores dominicanos tambi\u00e9n quer\u00edan que \u00e9l \u00a0fuera retirado, dijo.<\/p>\n<p>\u201cNo sabemos cu\u00e1les son los motivos que han empujado al presidente. Nos faltan elementos de informaci\u00f3n para poder analizar profundamente la situaci\u00f3n\u201d, agreg\u00f3\u00a0Paraison al comunicador Roberto Cavada, de Telenoticias, Canal 11,\u00a0\u00a0quien lo entrevist\u00f3 v\u00eda telef\u00f3nica..<\/p>\n<p>Explic\u00f3 que el hecho de que se haya retirado a un embajador no significa que se rompan las relaciones diplom\u00e1ticas.<\/p>\n<p>Descart\u00f3, sin embargo, que se trate de cambios rutinarios del gobierno haitiano porque Supplice no tiene ni seis meses en el puesto.<\/p>\n<p>En cambio, manifest\u00f3 que si el gobierno dominicano retira a su embajador en Hait\u00ed ello ser\u00eda una decisi\u00f3n precipitada.<\/p>\n<p>Reconoci\u00f3 que no hay una ruptura entre ambos pa\u00edses, pero s\u00ed una situaci\u00f3n embarazosa, \u201chasta cierto punto, de crisis diplom\u00e1tica entre ambas partes\u201d.<\/p>\n<p>\u201cEstamos a la espera del informe de la comisi\u00f3n de la Organizaci\u00f3n de Estados Americanos (OEA), que visit\u00f3 recientemente ambos pa\u00edses\u201d,<\/p>\n","protected":false},"excerpt":{"rendered":"<p>RD-SANTO DOMINGO.- Hait\u00ed retir\u00f3 a su embajador en Rep\u00fablica Dominicana, Daniel Supplice, confirm\u00f3 el ex c\u00f3nsul Edwin Paraison. Dijo que Supplice le hab\u00eda explicado que \u201cno solo fue llamado a consulta, sino que, aparentemente, fue decisi\u00f3n gubernamental de llamarlo de regreso a Hait\u00ed\u201d. \u00a0Algunos sectores dominicanos tambi\u00e9n quer\u00edan que \u00e9l \u00a0fuera retirado, dijo. \u201cNo sabemos [&hellip;]<\/p>\n","protected":false},"author":8,"featured_media":17534,"comment_status":"open","ping_status":"open","sticky":false,"template":"","format":"standard","meta":{"footnotes":""},"categories":[47,43,44],"tags":[],"class_list":["post-17533","post","type-post","status-publish","format-standard","has-post-thumbnail","hentry","category-haiti","category-politica","category-republica-dominicana"],"_links":{"self":[{"href":"https:\/\/2horizontes.com\/index.php?rest_route=\/wp\/v2\/posts\/17533","targetHints":{"allow":["GET"]}}],"collection":[{"href":"https:\/\/2horizontes.com\/index.php?rest_route=\/wp\/v2\/posts"}],"about":[{"href":"https:\/\/2horizontes.com\/index.php?rest_route=\/wp\/v2\/types\/post"}],"author":[{"embeddable":true,"href":"https:\/\/2horizontes.com\/index.php?rest_route=\/wp\/v2\/users\/8"}],"replies":[{"embeddable":true,"href":"https:\/\/2horizontes.com\/index.php?rest_route=%2Fwp%2Fv2%2Fcomments&post=17533"}],"version-history":[{"count":1,"href":"https:\/\/2horizontes.com\/index.php?rest_route=\/wp\/v2\/posts\/17533\/revisions"}],"predecessor-version":[{"id":17535,"href":"https:\/\/2horizontes.com\/index.php?rest_route=\/wp\/v2\/posts\/17533\/revisions\/17535"}],"wp:featuredmedia":[{"embeddable":true,"href":"https:\/\/2horizontes.com\/index.php?rest_route=\/wp\/v2\/media\/17534"}],"wp:attachment":[{"href":"https:\/\/2horizontes.com\/index.php?rest_route=%2Fwp%2Fv2%2Fmedia&parent=17533"}],"wp:term":[{"taxonomy":"category","embeddable":true,"href":"https:\/\/2horizontes.com\/index.php?rest_route=%2Fwp%2Fv2%2Fcategories&post=17533"},{"taxonomy":"post_tag","embeddable":true,"href":"https:\/\/2horizontes.com\/index.php?rest_route=%2Fwp%2Fv2%2Ftags&post=17533"}],"curies":[{"name":"wp","href":"https:\/\/api.w.org\/{rel}","templated":true}]}}