{"id":17530,"date":"2015-07-22T18:01:04","date_gmt":"2015-07-22T17:01:04","guid":{"rendered":"http:\/\/2horizontes.com\/?p=17530"},"modified":"2015-07-22T18:01:04","modified_gmt":"2015-07-22T17:01:04","slug":"en-san-juan-rd-gobierno-entrega-escuelas-y-estancia-infantil","status":"publish","type":"post","link":"https:\/\/2horizontes.com\/?p=17530","title":{"rendered":"EN SAN JUAN  RD: Gobierno entrega escuelas y estancia infantil"},"content":{"rendered":"<p>RD-SAN JUAN &#8211; El presidente Danilo Medina inaugur\u00f3 este lunes dos centros educativos y una estancia infantil en esta provincia.<\/p>\n<p>Se trata de la Estancia Infantil C\u00f3rbano Sur, en la comunidad del mismo nombre y donde fue celebrado el acto oficial, y las escuelas Enerio Mateo Mesa, en el distrito municipal El Rosario, y Palmar del Yaque, en Yaque, Bohech\u00edo.<\/p>\n<p>Las escuelas fueron construidas por el Ministerio de Obras P\u00fablicas por un monto de RD$59,436,651 y aportan al sistema 22 aulas nuevas y rehabilitadas para 700 estudiantes. .<\/p>\n<p>Desu lado, la estancia infantil C\u00f3rbano Sur albergar\u00e1 a 226 ni\u00f1os de 0 a cinco a\u00f1os en diez \u00e1reas.<\/p>\n","protected":false},"excerpt":{"rendered":"<p>RD-SAN JUAN &#8211; El presidente Danilo Medina inaugur\u00f3 este lunes dos centros educativos y una estancia infantil en esta provincia. Se trata de la Estancia Infantil C\u00f3rbano Sur, en la comunidad del mismo nombre y donde fue celebrado el acto oficial, y las escuelas Enerio Mateo Mesa, en el distrito municipal El Rosario, y Palmar [&hellip;]<\/p>\n","protected":false},"author":8,"featured_media":17531,"comment_status":"open","ping_status":"open","sticky":false,"template":"","format":"standard","meta":{"footnotes":""},"categories":[43,53],"tags":[],"class_list":["post-17530","post","type-post","status-publish","format-standard","has-post-thumbnail","hentry","category-politica","category-provincias"],"_links":{"self":[{"href":"https:\/\/2horizontes.com\/index.php?rest_route=\/wp\/v2\/posts\/17530","targetHints":{"allow":["GET"]}}],"collection":[{"href":"https:\/\/2horizontes.com\/index.php?rest_route=\/wp\/v2\/posts"}],"about":[{"href":"https:\/\/2horizontes.com\/index.php?rest_route=\/wp\/v2\/types\/post"}],"author":[{"embeddable":true,"href":"https:\/\/2horizontes.com\/index.php?rest_route=\/wp\/v2\/users\/8"}],"replies":[{"embeddable":true,"href":"https:\/\/2horizontes.com\/index.php?rest_route=%2Fwp%2Fv2%2Fcomments&post=17530"}],"version-history":[{"count":1,"href":"https:\/\/2horizontes.com\/index.php?rest_route=\/wp\/v2\/posts\/17530\/revisions"}],"predecessor-version":[{"id":17532,"href":"https:\/\/2horizontes.com\/index.php?rest_route=\/wp\/v2\/posts\/17530\/revisions\/17532"}],"wp:featuredmedia":[{"embeddable":true,"href":"https:\/\/2horizontes.com\/index.php?rest_route=\/wp\/v2\/media\/17531"}],"wp:attachment":[{"href":"https:\/\/2horizontes.com\/index.php?rest_route=%2Fwp%2Fv2%2Fmedia&parent=17530"}],"wp:term":[{"taxonomy":"category","embeddable":true,"href":"https:\/\/2horizontes.com\/index.php?rest_route=%2Fwp%2Fv2%2Fcategories&post=17530"},{"taxonomy":"post_tag","embeddable":true,"href":"https:\/\/2horizontes.com\/index.php?rest_route=%2Fwp%2Fv2%2Ftags&post=17530"}],"curies":[{"name":"wp","href":"https:\/\/api.w.org\/{rel}","templated":true}]}}