{"id":17496,"date":"2015-07-22T14:51:44","date_gmt":"2015-07-22T13:51:44","guid":{"rendered":"http:\/\/2horizontes.com\/?p=17496"},"modified":"2015-07-22T14:51:44","modified_gmt":"2015-07-22T13:51:44","slug":"maite-perroni-confiesa-si-tiene-problemas-con-anahi","status":"publish","type":"post","link":"https:\/\/2horizontes.com\/?p=17496","title":{"rendered":"MAITE PERRONI CONFIESA SI TIENE PROBLEMAS CON ANAH\u00cd"},"content":{"rendered":"<p>Hace unos d\u00edas, Maite Perroni y Anah\u00ed se reencontraron en la ceremonia de Premios Juventud; en dicha ocasi\u00f3n la protagonista de Antes Muerta Que Lichita entrevist\u00f3 a la Primera Dama de Chiapas, quien regres\u00f3 a los escenarios tras cuatro a\u00f1os de ausencia. Sin embargo, tras la reuni\u00f3n de las artistas, los medios nacionales comenzaron a rumorar que ten\u00edan una mala relaci\u00f3n.<\/p>\n<p>Sin embargo, para acabar con las especulaciones, Maite rompi\u00f3 el silencio y confes\u00f3 que no tiene ning\u00fan problema con la esposa de Manuel Velasco Coello, por lo que no comprende de d\u00f3nde surgen esos chismes. La tambi\u00e9n cantante indic\u00f3 que no s\u00f3lo se lleva incre\u00edble con ella y el resto de sus compa\u00f1eros de RBD, sino que le tiene mucho cari\u00f1o a Anah\u00ed.<\/p>\n<p>No nos ve\u00edamos desde hace como tres meses m\u00e1s o menos, pero me dio mucho gusto verla en el escenario nuevamente, porque le pone mucha energ\u00eda y mucha pasi\u00f3n, adem\u00e1s de una entrega total. Me alegra mucho que est\u00e9 haciendo lo que m\u00e1s le gusta hacer, que lo haga tan bien y que est\u00e9 de vuelta\u00bb, coment\u00f3.<\/p>\n<p>Maite Perroni tambi\u00e9n se refiri\u00f3 a los rumores de que supuestamente tiene actitud de diva en los foros de su nueva telenovela. La actriz puntualiz\u00f3 que trata de esforzarse al m\u00e1ximo y que siempre ha tenido una actitud profesional y positiva. \u00abNo he escuchado nada de esos rumores, me acabo de enterar. As\u00ed que no s\u00e9. Si es verdad, me da mucha pena que piensen eso, porque yo me limito a hacer mi trabajo y lo disfruto mucho\u00bb, se\u00f1al\u00f3.<\/p>\n","protected":false},"excerpt":{"rendered":"<p>Hace unos d\u00edas, Maite Perroni y Anah\u00ed se reencontraron en la ceremonia de Premios Juventud; en dicha ocasi\u00f3n la protagonista de Antes Muerta Que Lichita entrevist\u00f3 a la Primera Dama de Chiapas, quien regres\u00f3 a los escenarios tras cuatro a\u00f1os de ausencia. Sin embargo, tras la reuni\u00f3n de las artistas, los medios nacionales comenzaron a [&hellip;]<\/p>\n","protected":false},"author":3,"featured_media":17497,"comment_status":"open","ping_status":"open","sticky":false,"template":"","format":"standard","meta":{"footnotes":""},"categories":[1],"tags":[],"class_list":["post-17496","post","type-post","status-publish","format-standard","has-post-thumbnail","hentry","category-entretenimiento"],"_links":{"self":[{"href":"https:\/\/2horizontes.com\/index.php?rest_route=\/wp\/v2\/posts\/17496","targetHints":{"allow":["GET"]}}],"collection":[{"href":"https:\/\/2horizontes.com\/index.php?rest_route=\/wp\/v2\/posts"}],"about":[{"href":"https:\/\/2horizontes.com\/index.php?rest_route=\/wp\/v2\/types\/post"}],"author":[{"embeddable":true,"href":"https:\/\/2horizontes.com\/index.php?rest_route=\/wp\/v2\/users\/3"}],"replies":[{"embeddable":true,"href":"https:\/\/2horizontes.com\/index.php?rest_route=%2Fwp%2Fv2%2Fcomments&post=17496"}],"version-history":[{"count":1,"href":"https:\/\/2horizontes.com\/index.php?rest_route=\/wp\/v2\/posts\/17496\/revisions"}],"predecessor-version":[{"id":17498,"href":"https:\/\/2horizontes.com\/index.php?rest_route=\/wp\/v2\/posts\/17496\/revisions\/17498"}],"wp:featuredmedia":[{"embeddable":true,"href":"https:\/\/2horizontes.com\/index.php?rest_route=\/wp\/v2\/media\/17497"}],"wp:attachment":[{"href":"https:\/\/2horizontes.com\/index.php?rest_route=%2Fwp%2Fv2%2Fmedia&parent=17496"}],"wp:term":[{"taxonomy":"category","embeddable":true,"href":"https:\/\/2horizontes.com\/index.php?rest_route=%2Fwp%2Fv2%2Fcategories&post=17496"},{"taxonomy":"post_tag","embeddable":true,"href":"https:\/\/2horizontes.com\/index.php?rest_route=%2Fwp%2Fv2%2Ftags&post=17496"}],"curies":[{"name":"wp","href":"https:\/\/api.w.org\/{rel}","templated":true}]}}