{"id":17440,"date":"2015-07-22T06:24:11","date_gmt":"2015-07-22T05:24:11","guid":{"rendered":"http:\/\/2horizontes.com\/?p=17440"},"modified":"2015-07-22T06:26:56","modified_gmt":"2015-07-22T05:26:56","slug":"presidente-de-mexico-despoja-a-indigenas-de-xochicuautla-para-megaproyecto-de-empresario-afin","status":"publish","type":"post","link":"https:\/\/2horizontes.com\/?p=17440","title":{"rendered":"Presidente de M\u00e9xico despoja a ind\u00edgenas de Xochicuautla para megaproyecto de empresario af\u00edn"},"content":{"rendered":"<p>Otom\u00ed de Xochicuautla<\/p>\n<p>Reverdeci\u00f3 el monte destruido. Ya nac\u00edan \u00e1rboles de capul\u00edn, pero los volvieron a destruir. A\u00fan as\u00ed reverdece con tenacidad, all\u00e1 enfrente, un paraje que se ve desde el \u201cCampamento de Paz de la Digna Resistencia\u201d de la comunidad otom\u00ed de Xochicuautla, ubicada en un frondoso bosque situado entre la capital mexicana y la ciudad de Toluca (centro-suroeste).<\/p>\n<p>Ese paraje fue destruido junto con otros cinco kil\u00f3metros de bosque en octubre de 2014.<\/p>\n<p>\u201cNadie le gana al monte. As\u00ed como est\u00e1 los \u00e1rboles crecer\u00edan en tres a\u00f1os\u201d, cuenta uno de los ind\u00edgenas al volver de un recorrido por el trazo que se pretende imponer la autopista Toluca-Naucalpan.<\/p>\n<p>Los otom\u00edes (o \u00f1\u00e4tho, como se llaman a s\u00ed mismos en su lengua) ya hab\u00edan instalado este campamento para detener la destrucci\u00f3n de sus tierras y seis casas cuando se enteraron del decreto presidencial con el que el mandatario mexicano, Enrique Pe\u00f1a Nieto, les expropia casi 40 hect\u00e1reas de territorio para que pase el mencionado proyecto.<\/p>\n<p>La construcci\u00f3n est\u00e1 concesionada a la empresa Teya, parte de Grupo Higa, el consorcio que regal\u00f3 al presidente una casa de 86 millones de pesos (USD7 millones) en Lomas de Chapultepec, la zona de m\u00e1s alta plusval\u00eda del pa\u00eds; hecho que deton\u00f3 una pol\u00e9mica en diversos medios de todo el mundo en noviembre de 2014.<\/p>\n<p>Mujeres \u00f1\u00e4tho del campamento nos cuentan que, desde que empezaron los trabajos, el terror psicol\u00f3gico no ha parado, no s\u00f3lo de ver c\u00f3mo caen los encinos, de ver el monte sin vegetaci\u00f3n, sino por la constante presencia de polic\u00edas y las prebendas que han dividido a la poblaci\u00f3n. Cuando la polic\u00eda acude a la comunidad, los ni\u00f1os gritan por la defensa de su monte sagrado, donde la comunidad realiza ofrendas de flores, pan, frutas.<\/p>\n<p>Un d\u00eda despu\u00e9s de que se enteraran del decreto presidencial, los \u00f1\u00e4tho acudieron a la Comisi\u00f3n Nacional de Derechos Humanos (CNDH) para exigir se les otorguen medidas cautelares a modo de protecci\u00f3n ante los embates constantes de la polic\u00eda y la maquinaria de Teya.<\/p>\n<p>Sin embargo, el texto del decreto dice que los \u00f1\u00e4tho fueron consultados entre el 5 y el 12 de junio de acuerdo con los art\u00edculos primero y segundo de la Constituci\u00f3n Mexicana y al Convenio 169 de la Organizaci\u00f3n Internacional del Trabajo, as\u00ed como la Declaraci\u00f3n de las Naciones Unidas sobre los Derechos Ind\u00edgenas.<\/p>\n<blockquote><p>\u201cEs una consulta que se inventaron en unos d\u00edas\u201d asegura Jos\u00e9 Luis Fern\u00e1ndez, vocero y comunero de Xochicuautla.\u00a0\u201cEl presidente dice que fuimos consultados. Es una gran mentira. No puede haber una consulta de pocos d\u00edas como dice el decreto\u201d, denuncia.<\/p><\/blockquote>\n<p>El comunero \u00f1\u00e4tho relata que, en 2007, top\u00f3grafos comenzaron a realizar trabajos de medici\u00f3n en su territorio sin preguntar antes a sus habitantes. Un a\u00f1o despu\u00e9s, ya con informaci\u00f3n que ellos mismos consiguieron sobre el proyecto, llamaron a asamblea para decidir si aceptar\u00eda la construcci\u00f3n de la v\u00eda.<\/p>\n<p>\u201cEl 24 de febrero de 2008, a trav\u00e9s de una consulta por usos y costumbres de la comunidad, se dijo que no pod\u00eda pasar\u201d, cuenta Fernandez.<\/p>\n<p>El texto del decreto dice en su primer punto que la expropiaci\u00f3n se realiza por causas de \u201cutilidad p\u00fablica\u201d para la construcci\u00f3n del proyecto carretero denominado Toluca-Naucalpan. Tambi\u00e9n dice que se otorgar\u00e1 a los ind\u00edgenas 10,850,440 pesos por indemnizaci\u00f3n.<\/p>\n<blockquote><p>\u201cEsta obra enlaza directamente con el Aeropuerto Internacional de Toluca a toda la zona norte y noroeste de la zona metropolitana de la Ciudad de M\u00e9xico, lo que significa una enorme aportaci\u00f3n al desarrollo socioecon\u00f3mico de toda la regi\u00f3n centro del pa\u00eds\u201d, dice el decreto.<\/p><\/blockquote>\n<p>Lo que no dice es que ya existe una carretera federal que va de la ciudad de Toluca al municipio de Naucalpan. Tampoco menciona que el proyecto ser\u00e1 de cuota, ni que concesionado en 2007 a Teya al resultar ganadora de licitaciones cuando Pe\u00f1a Nieto era gobernador del estado de M\u00e9xico, donde se pretende construir la autopista.<\/p>\n<p>En 2014, Pe\u00f1a expropi\u00f3 tambi\u00e9n a otras comunidades vecinas de Xochicuautla como Huitzizilapan. El avance de la carretera al cerrar el 2014 era de 34% de acuerdo con infirmaci\u00f3n del gobierno estatal.<\/p>\n<p>El Banco Nacional de Obras (Banobras) otorg\u00f3 un cr\u00e9dito a la empresa de 2,775 millones de pesos en 2013 a pocos meses que Pe\u00f1a Nieto tom\u00f3 posici\u00f3n como presidente para la construcci\u00f3n de la carretera para que fuera finalizada en el segundo semestre del 2015.<\/p>\n<p>Teya tiene una filial, Autovan SA de CV, la cual tiene una serie de denuncias por \u201cIncumplimiento de amparo\u201d, \u201cdestrucci\u00f3n de vegetaci\u00f3n\u201d, \u201ctala de \u00e1rboles\u201d en territorio comunal y boscoso de ind\u00edgenas \u00f1atho (otom\u00ed) ante la Procuradur\u00eda General de la Rep\u00fablica (PGR), la Secretar\u00eda de Medio Ambiente y Recursos Naturales (Semarnat) y ante la Procuradur\u00eda Federal de Protecci\u00f3n Ambiental (Profepa).<\/p>\n<p>Desde el 2011, el gobierno del estado rodea las asambleas comunitarias de Xochicuautla con cientos de polic\u00edas antimotines, los cuales han detenido a 22 integrantes de la comunidad, 14 en mayo de 2013 y ocho en noviembre de 2014. Todos salieron a los pocos d\u00edas de su detenci\u00f3n por falta de cargos.<\/p>\n<p>Adem\u00e1s de Xochicuautla y Huitzizilapan, la construcci\u00f3n afecta a la comunidad \u00f1\u00e4tho de Ayotuxco, las cual interpuso amparos contra la megaobra, aunque la maquinaria de Teya destruy\u00f3 ya algunos tramos de su territorio.<\/p>\n<h5>La defensa del bosque<\/h5>\n<p>El trazo del proyecto a cargo de Teya cruza por un bosque que separa a la capital del pa\u00eds de la Ciudad de Toluca. Este bosque tiene diversas categor\u00edas que lo protegen por ley otorgadas por el estado mexicano: Parque Ecol\u00f3gico, Tur\u00edstico y Recreativo \u201cZempoala-La Bufa\u201d, Parque Otom\u00ed\u2013Mexica del Estado de M\u00e9xico, Santuario del Agua y Forestal Subcuenca Tributaria \u201cR\u00edo Mayorazgo-Temoaya\u201d.<\/p>\n<p>El Bosque Otom\u00ed-Mexica es clave para la recarga de mantos acu\u00edferos que abastecen a M\u00e9xico y a Toluca. En \u00e9l viven especies end\u00e9micas como el ajolote mexicano y el venado. Adem\u00e1s, es una de las rutas tradicionales de peregrinaje de diversos pueblos originarios que suben a los cerros para pedir buenas cosechas y hacer rituales para mantener el equilibrio natural y espiritual de la regi\u00f3n.<\/p>\n<p><img loading=\"lazy\" decoding=\"async\" class=\"wp-image-293269 size-large\" src=\"http:\/\/es.globalvoicesonline.org\/wp-content\/uploads\/2015\/07\/Xochi-Daniel-Vargas--800x533.jpg\" alt=\"Xochi Daniel Vargas\" width=\"800\" height=\"533\" \/><\/p>\n<p>Xochicuautla defiende sus bosques desde hace ocho a\u00f1os con distintas estrategias, como la\u00a0realizaci\u00f3n de foros, recorridos con otros pueblos originarios como la Tribu Yaqui del estado norte\u00f1o de Sonora y movimientos como al Ejercito Zapatista de Liberaci\u00f3n Nacional (EZLN), que se levant\u00f3 en armas en 1994, y las familias de los 43 normalistas ausentes de Ayotzinapa, quienes visitar\u00e1n el pueblo ind\u00edgena el pr\u00f3ximo 20 de julio.<\/p>\n<p>Con esta defensa del santuario del agua el pueblo se hizo acreedor al premio de Derechos Humanos Sergio M\u00e9ndez Arceo, el reconocimiento independiente m\u00e1s importante de M\u00e9xico.<\/p>\n<p>El 15 de julio en conferencia de prensa, el Centro de Derechos Humanos Zeferino Ladrillero, acompa\u00f1ante legal del pueblo, anunci\u00f3 que Xochicuautla consensa ya un<strong>\u201c<\/strong><strong>Contradecreto reapropiatorio<\/strong><strong>\u201d<\/strong> para restituir lo expropiado. El contradecreto, firmado por los delegados de la comunidad y su Consejo Supremo Ind\u00edgena, pretende dejar un precedente legal para M\u00e9xico.<\/p>\n<p>Armando Garc\u00eda, delegado por usos y costumbres, hizo un llamado a la sociedad civil y a otros pueblos ind\u00edgenas a apoyar el campamento que sostienen en el bosque y a movilizarse pr\u00f3ximamente.<\/p>\n<p>\u201cNos queda claro que la Ley Agraria ha servido para legalizar los despojos de las comunidades originarias e ind\u00edgenas, no solamente en Xochicuautla. Tambi\u00e9n est\u00e1 oposici\u00f3n a la presa La Parota, en Guerrero, o la construcci\u00f3n de un acueducto en territorio de los compa\u00f1eros de la Tribu Yaqui\u201d, dice Fern\u00e1ndez.<\/p>\n<p>Y denuncia:\u00a0\u201cEn todos los lugares de M\u00e9xico pasa lo mismo\u201d.<\/p>\n<p>F. M\u00e1s de 131.<\/p>\n","protected":false},"excerpt":{"rendered":"<p>Otom\u00ed de Xochicuautla Reverdeci\u00f3 el monte destruido. Ya nac\u00edan \u00e1rboles de capul\u00edn, pero los volvieron a destruir. A\u00fan as\u00ed reverdece con tenacidad, all\u00e1 enfrente, un paraje que se ve desde el \u201cCampamento de Paz de la Digna Resistencia\u201d de la comunidad otom\u00ed de Xochicuautla, ubicada en un frondoso bosque situado entre la capital mexicana y [&hellip;]<\/p>\n","protected":false},"author":7,"featured_media":17442,"comment_status":"open","ping_status":"open","sticky":false,"template":"","format":"standard","meta":{"footnotes":""},"categories":[40,43],"tags":[],"class_list":["post-17440","post","type-post","status-publish","format-standard","has-post-thumbnail","hentry","category-internacionales","category-politica"],"_links":{"self":[{"href":"https:\/\/2horizontes.com\/index.php?rest_route=\/wp\/v2\/posts\/17440","targetHints":{"allow":["GET"]}}],"collection":[{"href":"https:\/\/2horizontes.com\/index.php?rest_route=\/wp\/v2\/posts"}],"about":[{"href":"https:\/\/2horizontes.com\/index.php?rest_route=\/wp\/v2\/types\/post"}],"author":[{"embeddable":true,"href":"https:\/\/2horizontes.com\/index.php?rest_route=\/wp\/v2\/users\/7"}],"replies":[{"embeddable":true,"href":"https:\/\/2horizontes.com\/index.php?rest_route=%2Fwp%2Fv2%2Fcomments&post=17440"}],"version-history":[{"count":1,"href":"https:\/\/2horizontes.com\/index.php?rest_route=\/wp\/v2\/posts\/17440\/revisions"}],"predecessor-version":[{"id":17443,"href":"https:\/\/2horizontes.com\/index.php?rest_route=\/wp\/v2\/posts\/17440\/revisions\/17443"}],"wp:featuredmedia":[{"embeddable":true,"href":"https:\/\/2horizontes.com\/index.php?rest_route=\/wp\/v2\/media\/17442"}],"wp:attachment":[{"href":"https:\/\/2horizontes.com\/index.php?rest_route=%2Fwp%2Fv2%2Fmedia&parent=17440"}],"wp:term":[{"taxonomy":"category","embeddable":true,"href":"https:\/\/2horizontes.com\/index.php?rest_route=%2Fwp%2Fv2%2Fcategories&post=17440"},{"taxonomy":"post_tag","embeddable":true,"href":"https:\/\/2horizontes.com\/index.php?rest_route=%2Fwp%2Fv2%2Ftags&post=17440"}],"curies":[{"name":"wp","href":"https:\/\/api.w.org\/{rel}","templated":true}]}}