{"id":17437,"date":"2015-07-22T05:54:24","date_gmt":"2015-07-22T04:54:24","guid":{"rendered":"http:\/\/2horizontes.com\/?p=17437"},"modified":"2015-07-22T05:54:24","modified_gmt":"2015-07-22T04:54:24","slug":"obama-relaciones-con-cuba-es-mas-oportunidad-para-ese-pueblo","status":"publish","type":"post","link":"https:\/\/2horizontes.com\/?p=17437","title":{"rendered":"Obama: relaciones con Cuba es m\u00e1s oportunidad para ese pueblo"},"content":{"rendered":"<p>EE.UU.<\/p>\n<p><span class=\"firstLetter\">E<\/span>l presidente <strong>Barack Obama<\/strong> dijo este martes que el nuevo cap\u00edtulo abierto entre Cuba y Estados Unidos significara m\u00e1s oportunidades para el pueblo cubano.<\/p>\n<p>Durante una comparecencia ante la <strong>Convenci\u00f3n Nacional de Veterano<\/strong>s de guerra, en <strong>Pittsburgh, Pennsylvania<\/strong>, el mandatario afirmo que la embajada estadounidense abierta en La Habana, por primera vez en 50 a\u00f1os, reafirma que EEUU va a hablar a favor de la libertad y los valores universales alrededor del mundo.<\/p>\n<p>Obama a\u00f1adi\u00f3 que un verdadero liderazgo significa tener el valor de encabezar una nueva direcci\u00f3n, ejercer la sabidur\u00eda para ir m\u00e1s all\u00e1 de pol\u00edticas que no han funcionado en el pasado y tener la confianza para participar con inteligencia y principios en una diplomacia que pueda avanzar a un futuro mejor.<\/p>\n<p>El presidente dijo tambi\u00e9n que se puede apreciar la fuerza de la diplomacia estadounidense en el reciente acuerdo nuclear con Ir\u00e1n.<\/p>\n<p>Agencias.<\/p>\n","protected":false},"excerpt":{"rendered":"<p>EE.UU. El presidente Barack Obama dijo este martes que el nuevo cap\u00edtulo abierto entre Cuba y Estados Unidos significara m\u00e1s oportunidades para el pueblo cubano. Durante una comparecencia ante la Convenci\u00f3n Nacional de Veteranos de guerra, en Pittsburgh, Pennsylvania, el mandatario afirmo que la embajada estadounidense abierta en La Habana, por primera vez en 50 [&hellip;]<\/p>\n","protected":false},"author":7,"featured_media":17441,"comment_status":"open","ping_status":"open","sticky":false,"template":"","format":"standard","meta":{"footnotes":""},"categories":[49,40,43],"tags":[],"class_list":["post-17437","post","type-post","status-publish","format-standard","has-post-thumbnail","hentry","category-cuba","category-internacionales","category-politica"],"_links":{"self":[{"href":"https:\/\/2horizontes.com\/index.php?rest_route=\/wp\/v2\/posts\/17437","targetHints":{"allow":["GET"]}}],"collection":[{"href":"https:\/\/2horizontes.com\/index.php?rest_route=\/wp\/v2\/posts"}],"about":[{"href":"https:\/\/2horizontes.com\/index.php?rest_route=\/wp\/v2\/types\/post"}],"author":[{"embeddable":true,"href":"https:\/\/2horizontes.com\/index.php?rest_route=\/wp\/v2\/users\/7"}],"replies":[{"embeddable":true,"href":"https:\/\/2horizontes.com\/index.php?rest_route=%2Fwp%2Fv2%2Fcomments&post=17437"}],"version-history":[{"count":1,"href":"https:\/\/2horizontes.com\/index.php?rest_route=\/wp\/v2\/posts\/17437\/revisions"}],"predecessor-version":[{"id":17439,"href":"https:\/\/2horizontes.com\/index.php?rest_route=\/wp\/v2\/posts\/17437\/revisions\/17439"}],"wp:featuredmedia":[{"embeddable":true,"href":"https:\/\/2horizontes.com\/index.php?rest_route=\/wp\/v2\/media\/17441"}],"wp:attachment":[{"href":"https:\/\/2horizontes.com\/index.php?rest_route=%2Fwp%2Fv2%2Fmedia&parent=17437"}],"wp:term":[{"taxonomy":"category","embeddable":true,"href":"https:\/\/2horizontes.com\/index.php?rest_route=%2Fwp%2Fv2%2Fcategories&post=17437"},{"taxonomy":"post_tag","embeddable":true,"href":"https:\/\/2horizontes.com\/index.php?rest_route=%2Fwp%2Fv2%2Ftags&post=17437"}],"curies":[{"name":"wp","href":"https:\/\/api.w.org\/{rel}","templated":true}]}}