{"id":17434,"date":"2015-07-22T05:48:44","date_gmt":"2015-07-22T04:48:44","guid":{"rendered":"http:\/\/2horizontes.com\/?p=17434"},"modified":"2015-07-22T05:48:44","modified_gmt":"2015-07-22T04:48:44","slug":"obama-decreta-cuatro-dias-de-luto-en-eeuu-por-victimas-del-tiroteo-del-jueves","status":"publish","type":"post","link":"https:\/\/2horizontes.com\/?p=17434","title":{"rendered":"Obama decreta cuatro d\u00edas de luto en EEUU por v\u00edctimas del tiroteo del jueves"},"content":{"rendered":"<div id=\"ArticleAuthorDiv\" class=\"article-body-author\"><b>EFE<\/b><\/div>\n<div id=\"ArticleSourceDiv\" class=\"article-body-author\"><b>Washington<\/b><\/div>\n<div id=\"ArticleBody\">\n<p>El presidente de EE.UU., Barack Obama, orden\u00f3 el martes ondear a media asta las banderas estadounidenses por cuatro d\u00edas en los edificios p\u00fablicos o militares del pa\u00eds, como luto por los cuatro soldados muertos en un tiroteo el pasado jueves y dijo que a\u00fan \u00abno se conocen todos los detalles\u00bb del suceso.<\/p>\n<p>La orden de Obama llega cinco d\u00edas despu\u00e9s del tiroteo contra dos instalaciones militares en Chattanooga (Tennessee, EE.UU.), y se produce despu\u00e9s de algunas cr\u00edticas al mandatario por parte de veteranos del Ej\u00e9rcito y figuras conservadoras por no haber tomado esa medida tras la matanza del jueves.<\/p>\n<p>Obama se refiri\u00f3 al tiroteo durante un discurso ante una convenci\u00f3n de veteranos de guerra, donde afirm\u00f3 que todav\u00eda no se conocen \u00abtodos los detalles detr\u00e1s del ataque\u00bb.<\/p>\n<p>\u00abPero s\u00ed sabemos que Al Qaeda y el EI (Estado Isl\u00e1mico) han alentado a perpetrar ataques en suelo estadounidense, incluido contra nuestros militares. Y esta amenaza de &#8216;lobos solitarios&#8217; y peque\u00f1as c\u00e9lulas (terroristas) es dif\u00edcil de detectar y prevenir\u00bb, indic\u00f3 el presidente en su discurso en Pittsburgh (Pensilvania).<\/p>\n<p>Obama destac\u00f3 que tras el ataque, la comunidad de Chattanooga \u00abse uni\u00f3 con un mensaje inequ\u00edvoco: no nos rendiremos al miedo, no pueden dividir a los estadounidenses, nunca podr\u00e1n cambiar nuestro modo de vida ni los valores de libertad y diversidad que nos convierten en estadounidenses\u00bb.<\/p>\n<p>Igualmente, Obama orden\u00f3 que la bandera ondee a media asta \u00aben la Casa Blanca y en todos los edificios y terrenos p\u00fablicos del pa\u00eds, en los puestos militares y estaciones navales y en todos los buques navales del Gobierno federal\u00bb en todo EE.UU. y sus territorios, las embajadas y bases militares en todo el mundo hasta el pr\u00f3ximo 25 de julio.<\/p>\n<p>Unas horas antes, el presidente de la C\u00e1mara de Representantes, el republicano John Boehner, orden\u00f3 que se bajara la bandera del Capitolio federal hasta media asta, tambi\u00e9n en honor a las v\u00edctimas del tiroteo en Chattanooga.<\/p>\n<p>Despu\u00e9s del tiroteo el jueves, varios pol\u00edticos conservadores criticaron a Obama por no ordenar esa se\u00f1al de luto en los edificios federales, que s\u00ed tom\u00f3 despu\u00e9s de otros tiroteos masivos, como el de 2013 en unas instalaciones de la Marina en Washington, donde murieron 13 personas.<\/p>\n<p>El presidente del Comit\u00e9 de Servicios Armados de la C\u00e1mara baja, el republicano Mac Thornberry, insisti\u00f3 hoy en un comunicado en que Obama deb\u00eda \u00abhacer lo correcto\u00bb y bajar la bandera.<\/p>\n<p>Adem\u00e1s, Marcus Luttrell, un antiguo miembro de las fuerzas especiales Navy Seal de la Armada estadounidense cuya historia centr\u00f3 un popular libro y una pel\u00edcula, inst\u00f3 el lunes por la noche a Obama a \u00abbajar la bandera\u00bb desde su cuenta oficial de Facebook.<\/p>\n<p>El tiroteo del jueves se produjo cuando Mohammad Youssef Abdulazeez abri\u00f3 fuego en dos centros militares en Chattanooga y dej\u00f3 cuatro militares muertos y otras tres personas heridas.<\/p>\n<p>Abdulazeez, un estadounidense de origen kuwait\u00ed de 24 a\u00f1os, falleci\u00f3 aparentemente por disparos de la polic\u00eda despu\u00e9s del suceso.<\/p>\n<\/div>\n","protected":false},"excerpt":{"rendered":"<p>EFE Washington El presidente de EE.UU., Barack Obama, orden\u00f3 el martes ondear a media asta las banderas estadounidenses por cuatro d\u00edas en los edificios p\u00fablicos o militares del pa\u00eds, como luto por los cuatro soldados muertos en un tiroteo el pasado jueves y dijo que a\u00fan \u00abno se conocen todos los detalles\u00bb del suceso. La [&hellip;]<\/p>\n","protected":false},"author":7,"featured_media":17435,"comment_status":"open","ping_status":"open","sticky":false,"template":"","format":"standard","meta":{"footnotes":""},"categories":[40,43],"tags":[],"class_list":["post-17434","post","type-post","status-publish","format-standard","has-post-thumbnail","hentry","category-internacionales","category-politica"],"_links":{"self":[{"href":"https:\/\/2horizontes.com\/index.php?rest_route=\/wp\/v2\/posts\/17434","targetHints":{"allow":["GET"]}}],"collection":[{"href":"https:\/\/2horizontes.com\/index.php?rest_route=\/wp\/v2\/posts"}],"about":[{"href":"https:\/\/2horizontes.com\/index.php?rest_route=\/wp\/v2\/types\/post"}],"author":[{"embeddable":true,"href":"https:\/\/2horizontes.com\/index.php?rest_route=\/wp\/v2\/users\/7"}],"replies":[{"embeddable":true,"href":"https:\/\/2horizontes.com\/index.php?rest_route=%2Fwp%2Fv2%2Fcomments&post=17434"}],"version-history":[{"count":1,"href":"https:\/\/2horizontes.com\/index.php?rest_route=\/wp\/v2\/posts\/17434\/revisions"}],"predecessor-version":[{"id":17436,"href":"https:\/\/2horizontes.com\/index.php?rest_route=\/wp\/v2\/posts\/17434\/revisions\/17436"}],"wp:featuredmedia":[{"embeddable":true,"href":"https:\/\/2horizontes.com\/index.php?rest_route=\/wp\/v2\/media\/17435"}],"wp:attachment":[{"href":"https:\/\/2horizontes.com\/index.php?rest_route=%2Fwp%2Fv2%2Fmedia&parent=17434"}],"wp:term":[{"taxonomy":"category","embeddable":true,"href":"https:\/\/2horizontes.com\/index.php?rest_route=%2Fwp%2Fv2%2Fcategories&post=17434"},{"taxonomy":"post_tag","embeddable":true,"href":"https:\/\/2horizontes.com\/index.php?rest_route=%2Fwp%2Fv2%2Ftags&post=17434"}],"curies":[{"name":"wp","href":"https:\/\/api.w.org\/{rel}","templated":true}]}}