{"id":17316,"date":"2015-07-21T14:06:39","date_gmt":"2015-07-21T13:06:39","guid":{"rendered":"http:\/\/2horizontes.com\/?p=17316"},"modified":"2015-07-21T14:06:39","modified_gmt":"2015-07-21T13:06:39","slug":"el-teatro-real-de-madrid-abrio-sus-puertas-para-acoger-por-primera-vez-al-musico-elton-john","status":"publish","type":"post","link":"https:\/\/2horizontes.com\/?p=17316","title":{"rendered":"El Teatro Real De Madrid abri\u00f3 sus puertas para acoger por primera vez al m\u00fasico Elton John"},"content":{"rendered":"<p>El Teatro Real De Madrid ha acogido a cantantes, actores y parte de la aristocracia espa\u00f1ola por un motivo muy especial. Se celebr\u00f3 el concierto de Elton John, y as\u00ed se inauguraba el Universal Music Festival. Ya que era la primera vez que este recinto abr\u00eda sus puertas al cantante, muchas caras conocidas no quisieron perderse la ocasi\u00f3n. Famosos como Nieves \u00c1lvarez, David Bisbal, Genoveva Casanova, Carmen Machi o Miguel Bos\u00e9 acudieron al concierto.<\/p>\n<p>Una cara conocida que no pas\u00f3 desapercibido fue Eugenia Mart\u00ednez de Irujo. La Duquesa de Montoro evit\u00f3 a la prensa, ya que ahora est\u00e1 en el punto de mira, debido a su relaci\u00f3n con Jos\u00e9 Coronado. Pero qui\u00e9n tampoco quiso contestar a las preguntas de los medios fue Nieves \u00c1lvarez, ya que la modelo no quiso hablar sobre su ruptura con el fot\u00f3grafo Marco Severini, aunque s\u00ed levanto el pulgar, para indicar que estaba bien.<\/p>\n<p>Parece ser que fue una noche de silencios, ya que Genoveva Casanova no quiso decir nada acerca de su consolidada relaci\u00f3n con Jos\u00e9 Mar\u00eda Michavila. Y Roc\u00edo Carrasco fue otra que se uni\u00f3 al club del silencio, ya que no contest\u00f3 a ni una sola pregunta sobre la relaci\u00f3n con su hermana Gloria Camila y su familia. En cambio hubo otros que dieron m\u00e1s detalles, como Enrique Sol\u00eds, que habl\u00f3 sobre su &#8216;no relaci\u00f3n&#8217; con Tamara Falc\u00f3. O el caso de Bel\u00e9n Rueda, que le desea lo mejor a su amigo Alejandro Amen\u00e1bar por su boda con David Blanco.<\/p>\n","protected":false},"excerpt":{"rendered":"<p>El Teatro Real De Madrid ha acogido a cantantes, actores y parte de la aristocracia espa\u00f1ola por un motivo muy especial. Se celebr\u00f3 el concierto de Elton John, y as\u00ed se inauguraba el Universal Music Festival. Ya que era la primera vez que este recinto abr\u00eda sus puertas al cantante, muchas caras conocidas no quisieron [&hellip;]<\/p>\n","protected":false},"author":3,"featured_media":17317,"comment_status":"open","ping_status":"open","sticky":false,"template":"","format":"standard","meta":{"footnotes":""},"categories":[1,85],"tags":[],"class_list":["post-17316","post","type-post","status-publish","format-standard","has-post-thumbnail","hentry","category-entretenimiento","category-espana"],"_links":{"self":[{"href":"https:\/\/2horizontes.com\/index.php?rest_route=\/wp\/v2\/posts\/17316","targetHints":{"allow":["GET"]}}],"collection":[{"href":"https:\/\/2horizontes.com\/index.php?rest_route=\/wp\/v2\/posts"}],"about":[{"href":"https:\/\/2horizontes.com\/index.php?rest_route=\/wp\/v2\/types\/post"}],"author":[{"embeddable":true,"href":"https:\/\/2horizontes.com\/index.php?rest_route=\/wp\/v2\/users\/3"}],"replies":[{"embeddable":true,"href":"https:\/\/2horizontes.com\/index.php?rest_route=%2Fwp%2Fv2%2Fcomments&post=17316"}],"version-history":[{"count":1,"href":"https:\/\/2horizontes.com\/index.php?rest_route=\/wp\/v2\/posts\/17316\/revisions"}],"predecessor-version":[{"id":17318,"href":"https:\/\/2horizontes.com\/index.php?rest_route=\/wp\/v2\/posts\/17316\/revisions\/17318"}],"wp:featuredmedia":[{"embeddable":true,"href":"https:\/\/2horizontes.com\/index.php?rest_route=\/wp\/v2\/media\/17317"}],"wp:attachment":[{"href":"https:\/\/2horizontes.com\/index.php?rest_route=%2Fwp%2Fv2%2Fmedia&parent=17316"}],"wp:term":[{"taxonomy":"category","embeddable":true,"href":"https:\/\/2horizontes.com\/index.php?rest_route=%2Fwp%2Fv2%2Fcategories&post=17316"},{"taxonomy":"post_tag","embeddable":true,"href":"https:\/\/2horizontes.com\/index.php?rest_route=%2Fwp%2Fv2%2Ftags&post=17316"}],"curies":[{"name":"wp","href":"https:\/\/api.w.org\/{rel}","templated":true}]}}