{"id":17279,"date":"2015-07-21T08:13:26","date_gmt":"2015-07-21T07:13:26","guid":{"rendered":"http:\/\/2horizontes.com\/?p=17279"},"modified":"2015-07-21T08:13:26","modified_gmt":"2015-07-21T07:13:26","slug":"puerto-rico-descarta-propagacion-malaria-pese-a-casos-importados-de-r-d","status":"publish","type":"post","link":"https:\/\/2horizontes.com\/?p=17279","title":{"rendered":"Puerto Rico descarta propagaci\u00f3n malaria pese a casos importados de R.D."},"content":{"rendered":"<div id=\"ArticleAuthorDiv\" class=\"article-body-author\"><b>EFE<\/b><\/div>\n<div id=\"ArticleSourceDiv\" class=\"article-body-author\"><b>San Juan<\/b><\/div>\n<div id=\"ArticleBody\">\n<p>Puerto Rico descarta que exista riesgo de propagaci\u00f3n de malaria por la isla, pese a la detecci\u00f3n de tres casos importados de Rep\u00fablica Dominicana, mientras contin\u00faa una sequ\u00eda que mantiene baja la poblaci\u00f3n de mosquitos transmisores de esa y otras enfermedades.<\/p>\n<p>La secretaria de Salud de Puerto Rico, Ana R\u00edus, dijo en conferencia de prensa que los tres j\u00f3venes contagiados con malaria en Rep\u00fablica Dominicana permanecen hospitalizados y se encuentran en proceso de recuperaci\u00f3n.<\/p>\n<p>\u00abEst\u00e1n hospitalizados y mejorando, aunque todav\u00eda tienen per\u00edodos de fiebre bien elevada con severos escalofr\u00edos\u00bb, indic\u00f3.<\/p>\n<p>La funcionaria dej\u00f3 claro que las autoridades locales no est\u00e1n preocupadas por la situaci\u00f3n, ya que el mosquito que transmite la malaria no es com\u00fan en Puerto Rico.<\/p>\n<p>\u00abTodos los a\u00f1os se reportan de uno a cinco casos de malaria importada de personas que han viajado a Asia o \u00c1frica y que han contra\u00eddo la enfermedad\u00bb, se\u00f1al\u00f3 R\u00edus.<\/p>\n<p>Descart\u00f3 adem\u00e1s el contagio, ya que como subray\u00f3 la enfermedad no es contagiosa.<\/p>\n<p>R\u00edus advirti\u00f3 a quienes tengan previsto viajar a Rep\u00fablica Dominicana que en ese pa\u00eds es end\u00e9mico el mosquito que trasmite la malaria.<\/p>\n<p>Dijo que la malaria o paludismo se transmite a trav\u00e9s de la picadura del mosquito \u00abAnopheles\u00bb, que, como el \u00abaedes aegypti\u00bb prolifera a medida que aumenta la humedad y lluvia.<\/p>\n<p>La presencia del tipo \u00abAnopheles\u00bb es escasa en Puerto Rico, algo que se ha visto favorecido en las \u00faltimas fechas por la escasez de lluvias, que ha provocado una fuerte sequ\u00eda, causa de racionamiento de agua en buena parte del territorio de la isla caribe\u00f1a.<\/p>\n<p>El \u00faltimo informe del Departamento de Salud de Puerto Rico se\u00f1ala que en las semanas del 23 al 26 del presente a\u00f1o (4 de junio al 1 de julio) se registraron 7 casos de chikungu\u00f1a, mientras que si se toma como referencia todo lo que va de 2015 los casos registrados ascienden a 100.<\/p>\n<p>En cuanto al dengue -con alta incidencia tradicionalmente en Puerto Rico- los casos registrados en la semana 25 (del 18 al 24 de junio) ascend\u00edan a 19 presuntos casos todav\u00eda sin confirmar en laboratorio, cifra que indica el organismo sanitario por debajo del promedio hist\u00f3rico.<\/p>\n<p>La proliferaci\u00f3n del dengue est\u00e1 asociada al aumento de la poblaci\u00f3n de mosquitos \u00abaedes aegypti\u00bb, a lo que contribuyen las lluvias y la acumulaci\u00f3n de agua.<\/p>\n<p>Las escasas precipitaciones registradas en Puerto Rico en las \u00faltimas fechas han podido contribuir a que los casos de dengue y chikungu\u00f1a sean muy inferiores a los de a\u00f1os con precipitaciones mayores.<\/p>\n<p>La sequ\u00eda ha provocado que 14 de los 78 municipios en Puerto Rico fueran declarados zona de desastre por el Departamento de Agricultura de EE.UU., mientras que m\u00e1s de 2 millones de los 3,6 de puertorrique\u00f1os que viven en la isla se est\u00e1n viendo afectados por una sequ\u00eda que afecta a gran parte del Caribe.<\/p>\n<\/div>\n","protected":false},"excerpt":{"rendered":"<p>EFE San Juan Puerto Rico descarta que exista riesgo de propagaci\u00f3n de malaria por la isla, pese a la detecci\u00f3n de tres casos importados de Rep\u00fablica Dominicana, mientras contin\u00faa una sequ\u00eda que mantiene baja la poblaci\u00f3n de mosquitos transmisores de esa y otras enfermedades. La secretaria de Salud de Puerto Rico, Ana R\u00edus, dijo en [&hellip;]<\/p>\n","protected":false},"author":7,"featured_media":17280,"comment_status":"open","ping_status":"open","sticky":false,"template":"","format":"standard","meta":{"footnotes":""},"categories":[40,44,45],"tags":[],"class_list":["post-17279","post","type-post","status-publish","format-standard","has-post-thumbnail","hentry","category-internacionales","category-republica-dominicana","category-salud"],"_links":{"self":[{"href":"https:\/\/2horizontes.com\/index.php?rest_route=\/wp\/v2\/posts\/17279","targetHints":{"allow":["GET"]}}],"collection":[{"href":"https:\/\/2horizontes.com\/index.php?rest_route=\/wp\/v2\/posts"}],"about":[{"href":"https:\/\/2horizontes.com\/index.php?rest_route=\/wp\/v2\/types\/post"}],"author":[{"embeddable":true,"href":"https:\/\/2horizontes.com\/index.php?rest_route=\/wp\/v2\/users\/7"}],"replies":[{"embeddable":true,"href":"https:\/\/2horizontes.com\/index.php?rest_route=%2Fwp%2Fv2%2Fcomments&post=17279"}],"version-history":[{"count":1,"href":"https:\/\/2horizontes.com\/index.php?rest_route=\/wp\/v2\/posts\/17279\/revisions"}],"predecessor-version":[{"id":17281,"href":"https:\/\/2horizontes.com\/index.php?rest_route=\/wp\/v2\/posts\/17279\/revisions\/17281"}],"wp:featuredmedia":[{"embeddable":true,"href":"https:\/\/2horizontes.com\/index.php?rest_route=\/wp\/v2\/media\/17280"}],"wp:attachment":[{"href":"https:\/\/2horizontes.com\/index.php?rest_route=%2Fwp%2Fv2%2Fmedia&parent=17279"}],"wp:term":[{"taxonomy":"category","embeddable":true,"href":"https:\/\/2horizontes.com\/index.php?rest_route=%2Fwp%2Fv2%2Fcategories&post=17279"},{"taxonomy":"post_tag","embeddable":true,"href":"https:\/\/2horizontes.com\/index.php?rest_route=%2Fwp%2Fv2%2Ftags&post=17279"}],"curies":[{"name":"wp","href":"https:\/\/api.w.org\/{rel}","templated":true}]}}