{"id":17267,"date":"2015-07-21T07:50:03","date_gmt":"2015-07-21T06:50:03","guid":{"rendered":"http:\/\/2horizontes.com\/?p=17267"},"modified":"2015-07-21T07:50:03","modified_gmt":"2015-07-21T06:50:03","slug":"ejercito-mexicano-admite-probable-participacion-en-desaparicion-de-jovenes","status":"publish","type":"post","link":"https:\/\/2horizontes.com\/?p=17267","title":{"rendered":"Ej\u00e9rcito mexicano admite \u00abprobable participaci\u00f3n\u00bb en desaparici\u00f3n de j\u00f3venes"},"content":{"rendered":"<div id=\"ArticleAuthorDiv\" class=\"article-body-author\"><b>AFP<\/b><\/div>\n<div id=\"ArticleSourceDiv\" class=\"article-body-author\"><b>M\u00e9xico<\/b><\/div>\n<div id=\"ArticleBody\">\n<p>La secretar\u00eda de Defensa de M\u00e9xico reconoci\u00f3 este lunes que un grupo de militares podr\u00eda haber participado en la desaparici\u00f3n a inicios de mes de siete j\u00f3venes cuyos cad\u00e1veres fueron hallados posteriormente, en un contexto de cr\u00edticas contra las Fuerzas Armadas por presuntos abusos de poder.<\/p>\n<p>La fiscal\u00eda general de justicia militar \u00abidentific\u00f3 indicios de una probable participaci\u00f3n de personal militar\u00bb en relaci\u00f3n \u00abcon los hechos relativos a la desaparici\u00f3n de siete personas el 7 de julio de 2015, en Calera, Zacatecas (norte)\u00bb, admiti\u00f3 la secretar\u00eda (ministerio) en un comunicado.<\/p>\n<p>Sin embargo, la dependencia no precis\u00f3 si los uniformados habr\u00edan tenido algo que ver con la muerte de los j\u00f3venes ni tampoco especific\u00f3 cu\u00e1ntos elementos son investigados.<\/p>\n<p>La fiscal\u00eda \u00abcontinuar\u00e1 con la investigaci\u00f3n a fin de determinar respecto a la infracci\u00f3n de la disciplina militar y en su caso, proceder a la consignaci\u00f3n correspondiente ante los tribunales militares\u00bb, agrega el ministerio.<\/p>\n<p>Los familiares de los siete j\u00f3venes, dos mujeres y cinco hombres, han asegurado que los chicos fueron detenidos por soldados el 7 de julio en una vivienda del municipio de Calera, a unos 620 km de la capital mexicana.<\/p>\n<p>Los cuerpos fueron hallados 11 d\u00edas despu\u00e9s en el vecino municipio de Jerez y, seg\u00fan las denuncias de las familias, presentaban huellas de tortura y el llamado \u00abtiro de gracia\u00bb.<\/p>\n<p>En otro caso, miembros de un grupo miliciano de autodefensa del municipio de Aquila (Michoac\u00e1n, oeste) acusaron el domingo a militares de atacar a civiles que protestaban por la detenci\u00f3n del l\u00edder de esa milicia local, dejando un ni\u00f1o de 12 a\u00f1os muerto.<\/p>\n<p><strong>&#8211; Presidente cierra filas con Ej\u00e9rcito &#8211;<\/strong><\/p>\n<p>Pese a este contexto, el presidente Enrique Pe\u00f1a Nieto defendi\u00f3 este lunes a sus Fuerzas Armadas, calific\u00e1ndolas de \u00abbaluarte y fortaleza de las instituciones democr\u00e1ticas\u00bb.<\/p>\n<p>Durante un evento p\u00fablico en Guerrero (sur), el mandatario recalc\u00f3: \u00abPor m\u00e1s que a veces algunos se empe\u00f1en por manchar el esfuerzo\u00bb del Ej\u00e9rcito y la Marina Armada, es de reconocer que trabajan \u00abtodos los d\u00edas con esmero, con sacrificio, con dedicaci\u00f3n\u00bb.<\/p>\n<p>Por su parte, la Comisi\u00f3n Nacional de Derechos Humanos (CNDH) envi\u00f3 comitivas a Zacatecas y Michoac\u00e1n para \u00abrecabar evidencias\u00bb con el fin de realizar sendas investigaciones.<\/p>\n<p><strong>&#8211; Los esc\u00e1ndalos se acumulan &#8211;<\/strong><\/p>\n<p>Estos dos casos se suman al proceso en curso contra siete militares por las presuntas ejecuciones extrajudiciales cometidas el 30 de junio de 2014 en la comunidad de Tlatlaya (centro), un incidente que despert\u00f3 indignaci\u00f3n entre ONG internacionales.<\/p>\n<p>Esa noche, 22 presuntos secuestradores murieron a manos de militares. El Ej\u00e9rcito inform\u00f3 en un primer momento que todos fallecieron en una balacera pero, tras el testimonio p\u00fablico de una sobreviviente, se conoci\u00f3 que parte de ellos fueron ejecutados despu\u00e9s de rendirse.<\/p>\n<p>De los siete militares investigados por el caso Tlatlaya, s\u00f3lo tres enfrentan cargos en la fiscal\u00eda por el homicidio calificado de ocho personas. Sin embargo, la CNDH concluy\u00f3 que los uniformados ejecutaron a entre 12 y 15 de los 22 muertos.<\/p>\n<p>Otro caso que puso a las fuerzas federales en el ojo del hurac\u00e1n fue el ocurrido en mayo en un rancho de Tanhuato, tambi\u00e9n en Michoac\u00e1n.<\/p>\n<p>Seg\u00fan las autoridades, los uniformados se enfrentaron con miembros del c\u00e1rtel Jalisco Nueva Generaci\u00f3n dejando 42 presuntos narcotraficantes y un polic\u00eda muertos.<\/p>\n<p>Pero ante este desigual saldo, que incluy\u00f3 solo tres detenidos, surgieron sospechas de que algunos de los civiles pudieron haber sido ejecutados extrajudicialmente.<\/p>\n<p>El Ej\u00e9rcito mexicano fue desplegado en 2006 en buena parte del territorio mexicano para combatir a los poderosos c\u00e1rteles de la droga. Desde entonces han muerto m\u00e1s de 80.000 personas y 23.000 m\u00e1s han desaparecido en el marco de las pugnas entre narcotraficantes y la lucha contra el crimen organizado.<\/p>\n<\/div>\n<div><\/div>\n<p>&nbsp;<\/p>\n","protected":false},"excerpt":{"rendered":"<p>AFP M\u00e9xico La secretar\u00eda de Defensa de M\u00e9xico reconoci\u00f3 este lunes que un grupo de militares podr\u00eda haber participado en la desaparici\u00f3n a inicios de mes de siete j\u00f3venes cuyos cad\u00e1veres fueron hallados posteriormente, en un contexto de cr\u00edticas contra las Fuerzas Armadas por presuntos abusos de poder. La fiscal\u00eda general de justicia militar \u00abidentific\u00f3 [&hellip;]<\/p>\n","protected":false},"author":7,"featured_media":17268,"comment_status":"open","ping_status":"open","sticky":false,"template":"","format":"standard","meta":{"footnotes":""},"categories":[40],"tags":[],"class_list":["post-17267","post","type-post","status-publish","format-standard","has-post-thumbnail","hentry","category-internacionales"],"_links":{"self":[{"href":"https:\/\/2horizontes.com\/index.php?rest_route=\/wp\/v2\/posts\/17267","targetHints":{"allow":["GET"]}}],"collection":[{"href":"https:\/\/2horizontes.com\/index.php?rest_route=\/wp\/v2\/posts"}],"about":[{"href":"https:\/\/2horizontes.com\/index.php?rest_route=\/wp\/v2\/types\/post"}],"author":[{"embeddable":true,"href":"https:\/\/2horizontes.com\/index.php?rest_route=\/wp\/v2\/users\/7"}],"replies":[{"embeddable":true,"href":"https:\/\/2horizontes.com\/index.php?rest_route=%2Fwp%2Fv2%2Fcomments&post=17267"}],"version-history":[{"count":1,"href":"https:\/\/2horizontes.com\/index.php?rest_route=\/wp\/v2\/posts\/17267\/revisions"}],"predecessor-version":[{"id":17269,"href":"https:\/\/2horizontes.com\/index.php?rest_route=\/wp\/v2\/posts\/17267\/revisions\/17269"}],"wp:featuredmedia":[{"embeddable":true,"href":"https:\/\/2horizontes.com\/index.php?rest_route=\/wp\/v2\/media\/17268"}],"wp:attachment":[{"href":"https:\/\/2horizontes.com\/index.php?rest_route=%2Fwp%2Fv2%2Fmedia&parent=17267"}],"wp:term":[{"taxonomy":"category","embeddable":true,"href":"https:\/\/2horizontes.com\/index.php?rest_route=%2Fwp%2Fv2%2Fcategories&post=17267"},{"taxonomy":"post_tag","embeddable":true,"href":"https:\/\/2horizontes.com\/index.php?rest_route=%2Fwp%2Fv2%2Ftags&post=17267"}],"curies":[{"name":"wp","href":"https:\/\/api.w.org\/{rel}","templated":true}]}}