{"id":17233,"date":"2015-07-21T01:49:18","date_gmt":"2015-07-21T00:49:18","guid":{"rendered":"http:\/\/2horizontes.com\/?p=17233"},"modified":"2015-07-21T01:49:18","modified_gmt":"2015-07-21T00:49:18","slug":"medina-entrega-escuelas-santo-domingo-este-y-pedro-brand","status":"publish","type":"post","link":"https:\/\/2horizontes.com\/?p=17233","title":{"rendered":"Medina entrega escuelas Santo Domingo Este y Pedro Brand"},"content":{"rendered":"<p>RD-SANTO DOMINGO- El presidente, Danilo Medina, inaugur\u00f3 hoy dos centros educativos en los municipios de Santo Domingo Este y Pedro Brand, que han supuesto una inversi\u00f3n de 87.83 millones de pesos salidos de los fondos del Ministerio de Educaci\u00f3n (MINERD), para ser integrados en la Jornada Escolar Extendida.<\/p>\n<p>Las escuelas de B\u00e1sica Jacoba Carpio, en la Urbanizaci\u00f3n Italia, Santo Domingo Este, y Milila Antonia B\u00e1ez, en Frasquito G\u00f3mez, en el Bad\u00e9n de Pedro Brand, Provincia Santo Domingo, aportan al sistema educativo 37 aulas nuevas y rehabilitadas para beneficiar a 1,225 estudiantes y cuentan con aulas de Inicial, laboratorio de inform\u00e1tica y biblioteca.<\/p>\n<p>El discurso central lo pronunci\u00f3 el ministro de Educaci\u00f3n, Carlos Amarante Baret, quien asegur\u00f3 que la inversi\u00f3n que hace el Ejecutivo en educaci\u00f3n no se hab\u00eda visto nunca antes en la Rep\u00fablica Dominicana.<\/p>\n<p>Asimismo, dijo que la Revoluci\u00f3n Educativa es una necesidad para responder a las deficiencias que durante tantos a\u00f1os ha afectado a la educaci\u00f3n dominicana.<\/p>\n<p>Gracias a la Jornada Escolar Extendida, los ni\u00f1os y j\u00f3venes estar\u00e1n durante ocho horas seguidas a donde pertenecen, que es la escuela, por lo cual los padres y madres tambi\u00e9n ganan con el nuevo sistema, pues pueden dedicarse a sus actividades cotidianas sin preocuparse de qu\u00e9 est\u00e1 ocurriendo con sus hijos, apunt\u00f3.<\/p>\n<p>Amarante Baret agreg\u00f3 que el presidente est\u00e1 invirtiendo decenas de miles de millones en beneficio de la educaci\u00f3n y la construcci\u00f3n de escuelas, con el objetivo de lograr la equidad social.<\/p>\n<p>\u201cPor lo tanto, el presidente lo que quiere es un solo tipo de educaci\u00f3n de calidad para todos, ricos y pobres, sin importar su extracci\u00f3n social\u201d, precis\u00f3.<\/p>\n<p>El ministro insisti\u00f3 en su llamado de que padres, y amigos de la escuela tienen que acercarse a los centros para verificar los progresos acad\u00e9micos de sus hijos, a comprobar c\u00f3mo les va en los estudios, el tipo de alimentaci\u00f3n y de educaci\u00f3n que reciben, \u201cporque ustedes tambi\u00e9n son parte de la escuela, de la Revoluci\u00f3n Educativa en marcha\u201d.<\/p>\n<p>De su lado, la directora de la escuela, Germania Liriano, dijo que el centro tiene m\u00e1s de 50 a\u00f1os fundado, con ocho aulas y funcionando en condiciones precarias, \u201cpero ahora nos han entregado una escuela bien acondicionada, segura y confortable\u201d.<\/p>\n<p>La provincia Santo Domingo cuenta con 811 centros educativos que benefician a 424 mil 316 estudiantes y, de esos centros, 197 funcionan bajo la modalidad de Jornada Extendida para 115,061 estudiantes.<\/p>\n","protected":false},"excerpt":{"rendered":"<p>RD-SANTO DOMINGO- El presidente, Danilo Medina, inaugur\u00f3 hoy dos centros educativos en los municipios de Santo Domingo Este y Pedro Brand, que han supuesto una inversi\u00f3n de 87.83 millones de pesos salidos de los fondos del Ministerio de Educaci\u00f3n (MINERD), para ser integrados en la Jornada Escolar Extendida. Las escuelas de B\u00e1sica Jacoba Carpio, en [&hellip;]<\/p>\n","protected":false},"author":8,"featured_media":17234,"comment_status":"open","ping_status":"open","sticky":false,"template":"","format":"standard","meta":{"footnotes":""},"categories":[55,43,53],"tags":[],"class_list":["post-17233","post","type-post","status-publish","format-standard","has-post-thumbnail","hentry","category-educacion","category-politica","category-provincias"],"_links":{"self":[{"href":"https:\/\/2horizontes.com\/index.php?rest_route=\/wp\/v2\/posts\/17233","targetHints":{"allow":["GET"]}}],"collection":[{"href":"https:\/\/2horizontes.com\/index.php?rest_route=\/wp\/v2\/posts"}],"about":[{"href":"https:\/\/2horizontes.com\/index.php?rest_route=\/wp\/v2\/types\/post"}],"author":[{"embeddable":true,"href":"https:\/\/2horizontes.com\/index.php?rest_route=\/wp\/v2\/users\/8"}],"replies":[{"embeddable":true,"href":"https:\/\/2horizontes.com\/index.php?rest_route=%2Fwp%2Fv2%2Fcomments&post=17233"}],"version-history":[{"count":1,"href":"https:\/\/2horizontes.com\/index.php?rest_route=\/wp\/v2\/posts\/17233\/revisions"}],"predecessor-version":[{"id":17235,"href":"https:\/\/2horizontes.com\/index.php?rest_route=\/wp\/v2\/posts\/17233\/revisions\/17235"}],"wp:featuredmedia":[{"embeddable":true,"href":"https:\/\/2horizontes.com\/index.php?rest_route=\/wp\/v2\/media\/17234"}],"wp:attachment":[{"href":"https:\/\/2horizontes.com\/index.php?rest_route=%2Fwp%2Fv2%2Fmedia&parent=17233"}],"wp:term":[{"taxonomy":"category","embeddable":true,"href":"https:\/\/2horizontes.com\/index.php?rest_route=%2Fwp%2Fv2%2Fcategories&post=17233"},{"taxonomy":"post_tag","embeddable":true,"href":"https:\/\/2horizontes.com\/index.php?rest_route=%2Fwp%2Fv2%2Ftags&post=17233"}],"curies":[{"name":"wp","href":"https:\/\/api.w.org\/{rel}","templated":true}]}}