{"id":17230,"date":"2015-07-21T01:44:07","date_gmt":"2015-07-21T00:44:07","guid":{"rendered":"http:\/\/2horizontes.com\/?p=17230"},"modified":"2015-07-21T01:44:07","modified_gmt":"2015-07-21T00:44:07","slug":"pese-a-tensiones-haran-feria-binacional-para-impulsar-proteccion-rio-artibonito","status":"publish","type":"post","link":"https:\/\/2horizontes.com\/?p=17230","title":{"rendered":"Pese a tensiones, har\u00e1n feria binacional para impulsar protecci\u00f3n r\u00edo Artibonito"},"content":{"rendered":"<p>COMENDADOR-ELIAS PI\u00d1A- A pesar de las tensiones entre Hait\u00ed y la Rep\u00fablica Dominicana, moradores de los dos pa\u00edses se proponen celebrar durante varios d\u00edas aqu\u00ed una \u201cferia binacional\u201d con el prop\u00f3sito de impulsar la protecci\u00f3n y conservaci\u00f3n del r\u00edo Artibonito, \u00a0uno de los mayores de la isla Hispaniola.<\/p>\n<p>El evento, denominado Sexta Feeria Binacional Ecotur\u00edstica y de Producci\u00f3n, \u00a0es organizado por\u00a0Fundaci\u00f3n Ciencia y Arte y los ayuntamientos fronterizos de Comendador y El\u00edas Pi\u00f1a (de la Rep\u00fablica Dominicana) y Belladere (Hait\u00ed).<\/p>\n<p>Adem\u00e1s, el mismo busca impulsar el desarrollo de las potencialidades tur\u00edsticas y de producci\u00f3n\u00a0 que tienen las municipalidades fronterizas de El\u00edas Pi\u00f1a \u00a0y Belladere.<\/p>\n<p>El r\u00edo Artibonito nace en la <a class=\"mw-redirect\" title=\"Cordillera Central (Rep\u00fablica Dominicana)\" href=\"https:\/\/es.wikipedia.org\/wiki\/Cordillera_Central_(Rep%C3%BAblica_Dominicana)\">Cordillera Central<\/a> dominicana, fluye a\u00a0lo largo de la <a title=\"Frontera\" href=\"https:\/\/es.wikipedia.org\/wiki\/Frontera\">frontera<\/a>\u00a0\u00a0y despu\u00e9s hacia el noroeste de un lado al otro de la <a class=\"new\" title=\"Llanura Artibonite (a\u00fan no redactado)\" href=\"https:\/\/es.wikipedia.org\/w\/index.php?title=Llanura_Artibonite&amp;action=edit&amp;redlink=1\">llanura Artibonite<\/a> para desembocar en el <a class=\"mw-redirect\" title=\"Golfo de Gon\u00e2ve\" href=\"https:\/\/es.wikipedia.org\/wiki\/Golfo_de_Gon%C3%A2ve\">golfo de Gon\u00e2ve<\/a>, en Hait\u00ed. Recorre un trayecto de cerca de 240 km, en buena medida en el departamento haitiano de <a title=\"Artibonito\" href=\"https:\/\/es.wikipedia.org\/wiki\/Artibonito\">Artibonito<\/a>. Es el mayor r\u00edo de la isla.<\/p>\n<p>La Sexta Feria Binacional\u00a0 Ecotur\u00edstica y de Producci\u00f3n Comendador 2015\u00a0 por un \u201cCanto a la Naturaleza por el Desarrollo Humano y la Solidaridad de los Pueblos\u201d, ser\u00e1 celebrada del 7 al 15 de noviembre en una hermosa finca pr\u00f3ximo a la frontera. Sus trabajos formales se inician el\u00a0 13 de agosto, con un primer picazo, \u00a0a las 3 de la tarde, \u00a0en la finca que ser\u00e1 sede a la actividad ecotur\u00edstica, inform\u00f3 el Comit\u00e9 Organizador.<\/p>\n<p>A este acto \u00a0han sido invitadas las principales autoridades provinciales de El\u00edas Pi\u00f1a, San Juan de la Maguana. Asimismo, las alcald\u00edas de B\u00e1nica, el Cercado, Las Matas de Farf\u00e1n, entre otras. Desde Hait\u00ed asistir\u00e1n \u00a0 las Comunas del Departamento del Centro.\u00a0Tambi\u00e9n, se esperan\u00a0\u00a0 representantes de entidades p\u00fablicas y privadas de los dos pa\u00edses, jefes de misiones diplom\u00e1ticas y consulares, y representantes de organismos internacionales y regionales de cooperaci\u00f3n..<\/p>\n<p>El Comit\u00e9 Organizaci\u00f3n de la Feria Binacional\u00a0 est\u00e1 presidido por el alcalde de Comendador, Luis Minier. Lo integran, adem\u00e1s,\u00a0 Cham Lejean, s\u00edndico de la comuna de Belladere; \u00a0la presidenta de la Fundaci\u00f3n Ciencia y Arte, doctora Jacqueline Boin; \u00a0el \u00a0director ejecutivo de la\u00a0 Fundaci\u00f3n para el Desarrollo de un Turismo Alternativo en Hait\u00ed (FONDTAH), \u00a0ingeniero agr\u00f3nomo\u00a0Jean Camille Bissereth,\u00a0y el coordinador general de la Feria, embajador Jos\u00e9 Serulle Ramia.<\/p>\n","protected":false},"excerpt":{"rendered":"<p>COMENDADOR-ELIAS PI\u00d1A- A pesar de las tensiones entre Hait\u00ed y la Rep\u00fablica Dominicana, moradores de los dos pa\u00edses se proponen celebrar durante varios d\u00edas aqu\u00ed una \u201cferia binacional\u201d con el prop\u00f3sito de impulsar la protecci\u00f3n y conservaci\u00f3n del r\u00edo Artibonito, \u00a0uno de los mayores de la isla Hispaniola. El evento, denominado Sexta Feeria Binacional Ecotur\u00edstica [&hellip;]<\/p>\n","protected":false},"author":8,"featured_media":17231,"comment_status":"open","ping_status":"open","sticky":false,"template":"","format":"standard","meta":{"footnotes":""},"categories":[47,53,44],"tags":[],"class_list":["post-17230","post","type-post","status-publish","format-standard","has-post-thumbnail","hentry","category-haiti","category-provincias","category-republica-dominicana"],"_links":{"self":[{"href":"https:\/\/2horizontes.com\/index.php?rest_route=\/wp\/v2\/posts\/17230","targetHints":{"allow":["GET"]}}],"collection":[{"href":"https:\/\/2horizontes.com\/index.php?rest_route=\/wp\/v2\/posts"}],"about":[{"href":"https:\/\/2horizontes.com\/index.php?rest_route=\/wp\/v2\/types\/post"}],"author":[{"embeddable":true,"href":"https:\/\/2horizontes.com\/index.php?rest_route=\/wp\/v2\/users\/8"}],"replies":[{"embeddable":true,"href":"https:\/\/2horizontes.com\/index.php?rest_route=%2Fwp%2Fv2%2Fcomments&post=17230"}],"version-history":[{"count":1,"href":"https:\/\/2horizontes.com\/index.php?rest_route=\/wp\/v2\/posts\/17230\/revisions"}],"predecessor-version":[{"id":17232,"href":"https:\/\/2horizontes.com\/index.php?rest_route=\/wp\/v2\/posts\/17230\/revisions\/17232"}],"wp:featuredmedia":[{"embeddable":true,"href":"https:\/\/2horizontes.com\/index.php?rest_route=\/wp\/v2\/media\/17231"}],"wp:attachment":[{"href":"https:\/\/2horizontes.com\/index.php?rest_route=%2Fwp%2Fv2%2Fmedia&parent=17230"}],"wp:term":[{"taxonomy":"category","embeddable":true,"href":"https:\/\/2horizontes.com\/index.php?rest_route=%2Fwp%2Fv2%2Fcategories&post=17230"},{"taxonomy":"post_tag","embeddable":true,"href":"https:\/\/2horizontes.com\/index.php?rest_route=%2Fwp%2Fv2%2Ftags&post=17230"}],"curies":[{"name":"wp","href":"https:\/\/api.w.org\/{rel}","templated":true}]}}