{"id":17224,"date":"2015-07-21T01:33:34","date_gmt":"2015-07-21T00:33:34","guid":{"rendered":"http:\/\/2horizontes.com\/?p=17224"},"modified":"2015-07-21T01:33:34","modified_gmt":"2015-07-21T00:33:34","slug":"uruguay-persiguen-dominicano-involucrado-en-secuestros","status":"publish","type":"post","link":"https:\/\/2horizontes.com\/?p=17224","title":{"rendered":"URUGUAY: Persiguen dominicano involucrado en secuestros"},"content":{"rendered":"<p>MONTEVIDEO.- La Polic\u00eda uruguaya busca a un ciudadano dominicano de 34 a\u00f1os acusado de participar en el secuestro de un empresario local y sobre el que nada hace indicar que haya abandonado el pa\u00eds suramericano, anunciaron\u00a0\u00a0fuentes oficiales.<\/p>\n<p class=\"not-pspace\">La Jefatura de Polic\u00eda de Montevideo inform\u00f3 de que el sujeto, que carece de antecedentes penales y responde a las iniciales de D. M. M. y que \u00a0est\u00e1 acusado de perpetrar el pasado 11 de junio, junto a otros implicados, el secuestro de un empresario en el barrio Brazo Oriental de la capital uruguaya.<\/p>\n<p class=\"not-pspace\">Las fuerzas de seguridad lograron frustrar la acci\u00f3n delictiva el mismo d\u00eda y liberar a la v\u00edctima, que present\u00f3 una herida de bala en uno de sus brazos.<\/p>\n<p class=\"not-pspace\">Al tiempo, consiguieron detener a varios autores, entre ellos dos menores de edad que fueron internados en el Instituto del Ni\u00f1o y Adolescente del Uruguay (INAU).<\/p>\n<p class=\"not-pspace\">La investigaci\u00f3n continu\u00f3 y el Ministerio del Interior inform\u00f3 ayer del procesamiento con prisi\u00f3n de tres implicados m\u00e1s: los dominicanos J. C. F., de 24 a\u00f1os, y F. M. R., de 27 a\u00f1os, y el uruguayo M. G. R. O, de 27 a\u00f1os.<\/p>\n","protected":false},"excerpt":{"rendered":"<p>MONTEVIDEO.- La Polic\u00eda uruguaya busca a un ciudadano dominicano de 34 a\u00f1os acusado de participar en el secuestro de un empresario local y sobre el que nada hace indicar que haya abandonado el pa\u00eds suramericano, anunciaron\u00a0\u00a0fuentes oficiales. La Jefatura de Polic\u00eda de Montevideo inform\u00f3 de que el sujeto, que carece de antecedentes penales y responde [&hellip;]<\/p>\n","protected":false},"author":8,"featured_media":17225,"comment_status":"open","ping_status":"open","sticky":false,"template":"","format":"standard","meta":{"footnotes":""},"categories":[40],"tags":[],"class_list":["post-17224","post","type-post","status-publish","format-standard","has-post-thumbnail","hentry","category-internacionales"],"_links":{"self":[{"href":"https:\/\/2horizontes.com\/index.php?rest_route=\/wp\/v2\/posts\/17224","targetHints":{"allow":["GET"]}}],"collection":[{"href":"https:\/\/2horizontes.com\/index.php?rest_route=\/wp\/v2\/posts"}],"about":[{"href":"https:\/\/2horizontes.com\/index.php?rest_route=\/wp\/v2\/types\/post"}],"author":[{"embeddable":true,"href":"https:\/\/2horizontes.com\/index.php?rest_route=\/wp\/v2\/users\/8"}],"replies":[{"embeddable":true,"href":"https:\/\/2horizontes.com\/index.php?rest_route=%2Fwp%2Fv2%2Fcomments&post=17224"}],"version-history":[{"count":1,"href":"https:\/\/2horizontes.com\/index.php?rest_route=\/wp\/v2\/posts\/17224\/revisions"}],"predecessor-version":[{"id":17226,"href":"https:\/\/2horizontes.com\/index.php?rest_route=\/wp\/v2\/posts\/17224\/revisions\/17226"}],"wp:featuredmedia":[{"embeddable":true,"href":"https:\/\/2horizontes.com\/index.php?rest_route=\/wp\/v2\/media\/17225"}],"wp:attachment":[{"href":"https:\/\/2horizontes.com\/index.php?rest_route=%2Fwp%2Fv2%2Fmedia&parent=17224"}],"wp:term":[{"taxonomy":"category","embeddable":true,"href":"https:\/\/2horizontes.com\/index.php?rest_route=%2Fwp%2Fv2%2Fcategories&post=17224"},{"taxonomy":"post_tag","embeddable":true,"href":"https:\/\/2horizontes.com\/index.php?rest_route=%2Fwp%2Fv2%2Ftags&post=17224"}],"curies":[{"name":"wp","href":"https:\/\/api.w.org\/{rel}","templated":true}]}}