{"id":17203,"date":"2015-07-20T20:15:39","date_gmt":"2015-07-20T19:15:39","guid":{"rendered":"http:\/\/2horizontes.com\/?p=17203"},"modified":"2015-07-20T20:15:39","modified_gmt":"2015-07-20T19:15:39","slug":"ministerio-publico-somete-a-un-frances-y-un-dominicano-acusados-de-pederastia","status":"publish","type":"post","link":"https:\/\/2horizontes.com\/?p=17203","title":{"rendered":"Ministerio Publico somete a un franc\u00e9s y un dominicano acusados de pederastia"},"content":{"rendered":"<p>RD- SANTO DOMINGO-El Ministerio P\u00fablico someti\u00f3 hoy a la justicia a un franc\u00e9s de 53 a\u00f1os y a un dominicano de 19, acusados de pederastia en Saman\u00e1.<\/p>\n<p>El franc\u00e9s Pascal Windland y el dominicano Edward Gervacio Burgos fueron apresados el pasado jueves durante un operativo realizado en el barrio Catanga, del distrito municipal El Lim\u00f3n, en la provincia Saman\u00e1.<\/p>\n<p>Ambos est\u00e1n siendo acusados por el Ministerio P\u00fablico de pederastia en perjuicio de tres adolescentes, con edades de 10, 13 y 15 a\u00f1os.<\/p>\n<p>En el allanamiento le incautaron objetos sexuales utilizados para pervertir menores de edad, ropas de ni\u00f1os como trajes de ba\u00f1os, blusas de mujer, cinco esposas, 2 de juguete y tres de metal, bombas er\u00f3ticas, ipads, celulares, computadoras, entre otros.<\/p>\n<p>El Ministerio P\u00fablico asegur\u00f3 que el franc\u00e9s hac\u00eda videos mientras pervert\u00eda a los menores.<\/p>\n<p>Las investigaciones del caso contin\u00faan y est\u00e1n a cargo de Jonathan Bar\u00f3, director de la Procuradur\u00eda Especializada contra la Trata de Personas, y el fiscal titular de Saman\u00e1, Robert Justo.<\/p>\n<p>Esta tarde les conocer\u00e1n medidas de coerci\u00f3n y el Ministerio P\u00fablico pedir\u00e1 un a\u00f1o de prisi\u00f3n preventiva.<\/p>\n<p>Seg\u00fan el Ministerio P\u00fablico, el dominicano fue violado por el franc\u00e9s cuando era ni\u00f1o y luego se convirti\u00f3 en su c\u00f3mplice.<\/p>\n<p>Windland entraba y sal\u00eda al pa\u00eds con frecuencia, viajaba a M\u00e9xico, Per\u00fa, Vietnam, Tailandia y otros pa\u00edses. En Francia tiene antecedentes por pederastia.<\/p>\n","protected":false},"excerpt":{"rendered":"<p>RD- SANTO DOMINGO-El Ministerio P\u00fablico someti\u00f3 hoy a la justicia a un franc\u00e9s de 53 a\u00f1os y a un dominicano de 19, acusados de pederastia en Saman\u00e1. El franc\u00e9s Pascal Windland y el dominicano Edward Gervacio Burgos fueron apresados el pasado jueves durante un operativo realizado en el barrio Catanga, del distrito municipal El Lim\u00f3n, [&hellip;]<\/p>\n","protected":false},"author":8,"featured_media":17204,"comment_status":"open","ping_status":"open","sticky":false,"template":"","format":"standard","meta":{"footnotes":""},"categories":[44],"tags":[],"class_list":["post-17203","post","type-post","status-publish","format-standard","has-post-thumbnail","hentry","category-republica-dominicana"],"_links":{"self":[{"href":"https:\/\/2horizontes.com\/index.php?rest_route=\/wp\/v2\/posts\/17203","targetHints":{"allow":["GET"]}}],"collection":[{"href":"https:\/\/2horizontes.com\/index.php?rest_route=\/wp\/v2\/posts"}],"about":[{"href":"https:\/\/2horizontes.com\/index.php?rest_route=\/wp\/v2\/types\/post"}],"author":[{"embeddable":true,"href":"https:\/\/2horizontes.com\/index.php?rest_route=\/wp\/v2\/users\/8"}],"replies":[{"embeddable":true,"href":"https:\/\/2horizontes.com\/index.php?rest_route=%2Fwp%2Fv2%2Fcomments&post=17203"}],"version-history":[{"count":1,"href":"https:\/\/2horizontes.com\/index.php?rest_route=\/wp\/v2\/posts\/17203\/revisions"}],"predecessor-version":[{"id":17205,"href":"https:\/\/2horizontes.com\/index.php?rest_route=\/wp\/v2\/posts\/17203\/revisions\/17205"}],"wp:featuredmedia":[{"embeddable":true,"href":"https:\/\/2horizontes.com\/index.php?rest_route=\/wp\/v2\/media\/17204"}],"wp:attachment":[{"href":"https:\/\/2horizontes.com\/index.php?rest_route=%2Fwp%2Fv2%2Fmedia&parent=17203"}],"wp:term":[{"taxonomy":"category","embeddable":true,"href":"https:\/\/2horizontes.com\/index.php?rest_route=%2Fwp%2Fv2%2Fcategories&post=17203"},{"taxonomy":"post_tag","embeddable":true,"href":"https:\/\/2horizontes.com\/index.php?rest_route=%2Fwp%2Fv2%2Ftags&post=17203"}],"curies":[{"name":"wp","href":"https:\/\/api.w.org\/{rel}","templated":true}]}}