{"id":17171,"date":"2015-07-20T18:26:36","date_gmt":"2015-07-20T17:26:36","guid":{"rendered":"http:\/\/2horizontes.com\/?p=17171"},"modified":"2015-07-20T18:28:21","modified_gmt":"2015-07-20T17:28:21","slug":"miguel-bose-el-celestino-de-eugenia-martinez-de-irujo-y-jose-coronado-podrian-llevar-dos-meses-de-relacion-segun-el-mundo","status":"publish","type":"post","link":"https:\/\/2horizontes.com\/?p=17171","title":{"rendered":"Eugenia Mart\u00ednez de Irujo y Jos\u00e9 Coronado Podr\u00edan llevar dos meses de relaci\u00f3n, seg\u00fan &#8216;El Mundo&#8217;"},"content":{"rendered":"<p>Una semana despu\u00e9s de hacerse p\u00fablico el romance entre Eugenia Mart\u00ednez de Irujo y Jos\u00e9 Coronado, &#8216;La otra cr\u00f3nica&#8217; de &#8216;El Mundo&#8217; asegura que fue Miguel Bos\u00e9 quien present\u00f3 a la pareja. \u00abFue Miguel Bos\u00e9 quien ejerci\u00f3 de celestino de la pareja en una de sus cenas informales en su casopl\u00f3n de Somosaguas\u00bb, dice el diario.<\/p>\n","protected":false},"excerpt":{"rendered":"<p>Una semana despu\u00e9s de hacerse p\u00fablico el romance entre Eugenia Mart\u00ednez de Irujo y Jos\u00e9 Coronado, &#8216;La otra cr\u00f3nica&#8217; de &#8216;El Mundo&#8217; asegura que fue Miguel Bos\u00e9 quien present\u00f3 a la pareja. \u00abFue Miguel Bos\u00e9 quien ejerci\u00f3 de celestino de la pareja en una de sus cenas informales en su casopl\u00f3n de Somosaguas\u00bb, dice el [&hellip;]<\/p>\n","protected":false},"author":3,"featured_media":17172,"comment_status":"open","ping_status":"open","sticky":false,"template":"","format":"standard","meta":{"footnotes":""},"categories":[1],"tags":[],"class_list":["post-17171","post","type-post","status-publish","format-standard","has-post-thumbnail","hentry","category-entretenimiento"],"_links":{"self":[{"href":"https:\/\/2horizontes.com\/index.php?rest_route=\/wp\/v2\/posts\/17171","targetHints":{"allow":["GET"]}}],"collection":[{"href":"https:\/\/2horizontes.com\/index.php?rest_route=\/wp\/v2\/posts"}],"about":[{"href":"https:\/\/2horizontes.com\/index.php?rest_route=\/wp\/v2\/types\/post"}],"author":[{"embeddable":true,"href":"https:\/\/2horizontes.com\/index.php?rest_route=\/wp\/v2\/users\/3"}],"replies":[{"embeddable":true,"href":"https:\/\/2horizontes.com\/index.php?rest_route=%2Fwp%2Fv2%2Fcomments&post=17171"}],"version-history":[{"count":2,"href":"https:\/\/2horizontes.com\/index.php?rest_route=\/wp\/v2\/posts\/17171\/revisions"}],"predecessor-version":[{"id":17174,"href":"https:\/\/2horizontes.com\/index.php?rest_route=\/wp\/v2\/posts\/17171\/revisions\/17174"}],"wp:featuredmedia":[{"embeddable":true,"href":"https:\/\/2horizontes.com\/index.php?rest_route=\/wp\/v2\/media\/17172"}],"wp:attachment":[{"href":"https:\/\/2horizontes.com\/index.php?rest_route=%2Fwp%2Fv2%2Fmedia&parent=17171"}],"wp:term":[{"taxonomy":"category","embeddable":true,"href":"https:\/\/2horizontes.com\/index.php?rest_route=%2Fwp%2Fv2%2Fcategories&post=17171"},{"taxonomy":"post_tag","embeddable":true,"href":"https:\/\/2horizontes.com\/index.php?rest_route=%2Fwp%2Fv2%2Ftags&post=17171"}],"curies":[{"name":"wp","href":"https:\/\/api.w.org\/{rel}","templated":true}]}}