{"id":17138,"date":"2015-07-20T14:57:54","date_gmt":"2015-07-20T13:57:54","guid":{"rendered":"http:\/\/2horizontes.com\/?p=17138"},"modified":"2015-07-20T14:57:54","modified_gmt":"2015-07-20T13:57:54","slug":"africa-abre-juicio-contra-sus-tiranos","status":"publish","type":"post","link":"https:\/\/2horizontes.com\/?p=17138","title":{"rendered":"\u00c1frica abre juicio contra sus tiranos"},"content":{"rendered":"<p>EFE<\/p>\n<p>Nairobi<\/p>\n<p class=\"mce\">Cuando el exdictador chadiano Hiss\u00e8ne Habr\u00e9 comparezca este lunes ante el tribunal especial creado en Dakar para juzgarlo por cr\u00edmenes contra la Humanidad, el continente abrir\u00e1 la puerta a un nuevo cap\u00edtulo en su Historia: el de la justicia panafricana.<\/p>\n<p class=\"mce\">Ser\u00e1 la primera vez que un tribunal africano procese a un l\u00edder pol\u00edtico de otro pa\u00eds en el continente.<\/p>\n<div class=\"no-adv-socios\">\n<div id=\"SC_InPage.Layer.0.05040989862754941.singleton\" class=\"\"><\/div>\n<\/div>\n<p class=\"mce\">Desde 2002, los grandes criminales de la historia africana reciente han sido juzgados por la Corte Penal Internacional (CPI) en La Haya, creada para conocer los tres delitos m\u00e1s graves: genocidio, cr\u00edmenes de guerra y cr\u00edmenes contra la Humanidad.<\/p>\n<p class=\"mce\">Habr\u00e9 no pudo ser llevado ante esta corte porque los cr\u00edmenes que se le achacan \u201340.000 asesinatos y 200.000 casos de torturas\u2013 se remontan a la d\u00e9cada de los 80 y la CPI no tiene jurisdicci\u00f3n sobre ellos.<\/p>\n<p class=\"mce\">Al solicitar B\u00e9lgica la extradici\u00f3n del conocido como \u00abPinochet africano\u00bb, a instancias de v\u00edctimas refugiadas en el pa\u00eds europeo, la ONU y la Uni\u00f3n Africana (UA) acordaron la creaci\u00f3n de un tribunal especial en Senegal, donde Habr\u00e9 permanec\u00eda bajo arresto desde 2005.<\/p>\n<p class=\"mce\">Senegal, que aplicar\u00e1 por primera vez los principios de la justicia internacional en suelo africano, tambi\u00e9n fue el primero en adherirse al Tratado de Roma que cre\u00f3 la CPI, cada vez m\u00e1s denostada en el continente.<\/p>\n<p class=\"mce\">El presidente de Ruanda, Paul Kagame, ha acusado a la CPI de practicar \u00abcolonialismo\u00bb; Kenia ha vivido como una intromisi\u00f3n la causa contra su presidente, Uhuru Kenyatta, y la propia UA ha acusado al tribunal de practicar una \u00abcaza racial\u00bb contra los africanos.<\/p>\n<p class=\"mce\">Su argumento es que la CPI solo ha juzgado a criminales africanos desde su creaci\u00f3n: Libia, Sud\u00e1n, Rep\u00fablica Centroafricana, Rep\u00fablica Democr\u00e1tica del Congo, Uganda, Costa de Marfil o Kenia.<\/p>\n<p class=\"mce\">\u00abLa CPI no puede ser vista como una instituci\u00f3n anti-africana. Su mayor bloque de miembros -34 de sus 122 estados- es de \u00c1frica y fue central en las negociaciones del Tratado de Roma que cre\u00f3 el tribunal\u00bb, puntualiza el director de Human Rights Watch, Kenneth Roth.<\/p>\n<p class=\"mce\">El analista abunda en que esos 34 estados representan una ampl\u00eda mayor\u00eda en el continente y recuerda que la fiscal jefe de la CPI es una gambiana, Fatou Bensouda.<\/p>\n<p class=\"mce\">Sin embargo, cuando se abri\u00f3 la causa contra Kenyatta por su supuesta participaci\u00f3n en la ola de violencia posterior a las elecciones de 2007, gran parte de la sociedad civil keniana se moviliz\u00f3 en defensa de quien fue el primer l\u00edder en ejercicio en sentarse ante la CPI (antes de cerrar el caso por falta de pruebas).<\/p>\n<h3>Justicia panafricana<\/h3>\n<p class=\"mce\">El \u00f3rdago que Kenia lanz\u00f3 al plantear su salida de la CPI y las cr\u00edticas que Sud\u00e1frica recibi\u00f3 en junio por negarse a detener al presidente de Sud\u00e1n, Omar Hasan al Bashir, han reavivado la idea de una justicia panafricana, acariciada desde 2009 en el continente.<\/p>\n<p class=\"mce\">La Corte Africana de los Derechos Humanos y de los Pueblos, creada en 1998, y la Corte de Justicia de la Uni\u00f3n Africana, en marcha desde 2003, se unir\u00e1n en la futura Corte Africana de Justicia y Derechos Humanos, el primer tribunal continental con jurisdicci\u00f3n sobre cr\u00edmenes internacionales.<\/p>\n<p class=\"mce\">Antes de echar a andar, la corte deber\u00e1 sortear escollos como la adhesi\u00f3n de todos los estados \u2013solo lo han hecho 11 de 54\u2013 y sus limitaciones presupuestarias, menos de 7 millones de euros anuales frente a los 126 de la CPI.<\/p>\n<p class=\"mce\">La falta de integridad del tribunal, que dar\u00e1 inmunidad a los jefes de Estado y Gobierno por deseo expreso de los propios l\u00edderes de la UA, podr\u00eda restarle apoyos entre la sociedad civil africana, cada vez m\u00e1s combativa frente a los abusos de sus l\u00edderes.<\/p>\n<p class=\"mce\">Estos todav\u00eda podr\u00edan ser juzgados por la CPI, pero, \u00bfqu\u00e9 pasar\u00e1 con los mandatarios de aquellos pa\u00edses que decidan abandonar La Haya?<\/p>\n<p class=\"mce\">El juicio a Habr\u00e9 podr\u00eda hacer recapacitar a una clase pol\u00edtica que todav\u00eda se cree omnipotente y dar una lecci\u00f3n a los cr\u00edticos del sistema de justicia internacional. \u00abYa no podr\u00e1n decir que es una herramienta al servicio de los intereses occidentales\u00bb, defiende la Federaci\u00f3n Internacional de Derechos Humanos (FIDH).<\/p>\n","protected":false},"excerpt":{"rendered":"<p>EFE Nairobi Cuando el exdictador chadiano Hiss\u00e8ne Habr\u00e9 comparezca este lunes ante el tribunal especial creado en Dakar para juzgarlo por cr\u00edmenes contra la Humanidad, el continente abrir\u00e1 la puerta a un nuevo cap\u00edtulo en su Historia: el de la justicia panafricana. Ser\u00e1 la primera vez que un tribunal africano procese a un l\u00edder pol\u00edtico [&hellip;]<\/p>\n","protected":false},"author":7,"featured_media":17139,"comment_status":"open","ping_status":"open","sticky":false,"template":"","format":"standard","meta":{"footnotes":""},"categories":[51,40,43],"tags":[],"class_list":["post-17138","post","type-post","status-publish","format-standard","has-post-thumbnail","hentry","category-africa","category-internacionales","category-politica"],"_links":{"self":[{"href":"https:\/\/2horizontes.com\/index.php?rest_route=\/wp\/v2\/posts\/17138","targetHints":{"allow":["GET"]}}],"collection":[{"href":"https:\/\/2horizontes.com\/index.php?rest_route=\/wp\/v2\/posts"}],"about":[{"href":"https:\/\/2horizontes.com\/index.php?rest_route=\/wp\/v2\/types\/post"}],"author":[{"embeddable":true,"href":"https:\/\/2horizontes.com\/index.php?rest_route=\/wp\/v2\/users\/7"}],"replies":[{"embeddable":true,"href":"https:\/\/2horizontes.com\/index.php?rest_route=%2Fwp%2Fv2%2Fcomments&post=17138"}],"version-history":[{"count":1,"href":"https:\/\/2horizontes.com\/index.php?rest_route=\/wp\/v2\/posts\/17138\/revisions"}],"predecessor-version":[{"id":17140,"href":"https:\/\/2horizontes.com\/index.php?rest_route=\/wp\/v2\/posts\/17138\/revisions\/17140"}],"wp:featuredmedia":[{"embeddable":true,"href":"https:\/\/2horizontes.com\/index.php?rest_route=\/wp\/v2\/media\/17139"}],"wp:attachment":[{"href":"https:\/\/2horizontes.com\/index.php?rest_route=%2Fwp%2Fv2%2Fmedia&parent=17138"}],"wp:term":[{"taxonomy":"category","embeddable":true,"href":"https:\/\/2horizontes.com\/index.php?rest_route=%2Fwp%2Fv2%2Fcategories&post=17138"},{"taxonomy":"post_tag","embeddable":true,"href":"https:\/\/2horizontes.com\/index.php?rest_route=%2Fwp%2Fv2%2Ftags&post=17138"}],"curies":[{"name":"wp","href":"https:\/\/api.w.org\/{rel}","templated":true}]}}