{"id":17122,"date":"2015-07-20T14:17:51","date_gmt":"2015-07-20T13:17:51","guid":{"rendered":"http:\/\/2horizontes.com\/?p=17122"},"modified":"2015-07-20T14:18:37","modified_gmt":"2015-07-20T13:18:37","slug":"abogados-de-lula-exigen-que-se-anule-la-investigacion","status":"publish","type":"post","link":"https:\/\/2horizontes.com\/?p=17122","title":{"rendered":"Abogados del expresidente Lula exigen que se anule la investigaci\u00f3n"},"content":{"rendered":"<p>Brasil<\/p>\n<p><span class=\"firstLetter\">L<\/span>os abogados de Luiz In\u00e1cio Lula da Silva pidieron hoy la anulaci\u00f3n de la investigaci\u00f3n que fue abierta para determinar si el expresidente brasile\u00f1o incurri\u00f3 en el delito de tr\u00e1fico de influencias para favorecer a una constructora y<br \/>\nque se investigue al fiscal responsable por la acci\u00f3n.<\/p>\n<p>En un recurso presentado hoy ante el Ministerio P\u00fablico, la defensa del exjefe de Estado pidi\u00f3 la suspensi\u00f3n de la investigaci\u00f3n penal contra Lula y la apertura de una investigaci\u00f3n y de un proceso administrativo contra el fiscal Valtan Timb\u00f3 Mendes Furtado, inform\u00f3 el Instituto Lula en un comunicado.<\/p>\n<p>\u00abAnte el espanto provocado por la apertura de un Procedimiento de Investigaci\u00f3n Criminal sin ning\u00fan indicio de crimen, los abogados el expresidente presentaron hoy una queja disciplinaria ante el Consejo Nacional del Ministerio P\u00fablico para que se investigue la conducta del procurador responsable por la acci\u00f3n\u00bb, asegura el comunicado del instituto que oficia como portavoz del Lula.<\/p>\n<p>El exmandatario es investigado por supuestamente haber influido en el estatal Banco Nacional de Desarrollo Econ\u00f3mico y Social (BNDES), despu\u00e9s de haber concluido su mandato, para que le concediera cr\u00e9ditos a la constructora Odebrecht destinados a la financiaci\u00f3n de obras en otros pa\u00edses\u00a0 latinoamericanos y africanos en los que opera.<\/p>\n<p>Seg\u00fan la Fiscal\u00eda, tras dejar la Presidencia, en enero de 2011, Lula realiz\u00f3 viajes a\u00a0 Cuba,.Panam\u00e1, Venezuela, Rep\u00fablica Dominicana y Ghana costeados por Odebrecht.<\/p>\n<p>El caso fue destapado en mayo pasado por la revista \u00c9poca, seg\u00fan la cual Odebrecht recibi\u00f3 del BNDES cr\u00e9ditos por cerca de 4,1 millones de d\u00f3lares para obras en Rep\u00fablica Dominicana, Venezuela, Cuba y Ghana.<\/p>\n<p>Los abogados de Lula alegan que el fiscal que abri\u00f3 la investigaci\u00f3n viol\u00f3 las normas del propio Ministerio P\u00fablico al interferir en un procedimiento preliminar que era conducido por otro fiscal; al ignorar plazos e instancias del organismo y al no tener en cuenta los alegatos presentados por la defensa de Lula.<\/p>\n<p>\u00abEl \u00fanico fundamento presentado por el fiscal para justificar la investigaci\u00f3n, que es la supuesta inminencia de agotamiento del plazo para iniciar el proceso, es falso\u00bb, seg\u00fan el recurso presentado por los abogados del exgobernante.<\/p>\n<p>La defensa alega que el fiscal abri\u00f3 la investigaci\u00f3n el 8 de julio, tres d\u00edas antes de que venciera el plazo que ten\u00edan los abogados de Lula para presentar la defensa, lo que hicieron el 9 de julio.<\/p>\n<p>Aseguran igualmente que el fiscal intent\u00f3 violar el sigilo fiscal y de correspondencia de Lula mediante una maniobra jur\u00eddica.<\/p>\n<p>\u00abSe concluye que el fiscal promovi\u00f3 un verdadero atropellamiento, una falta de respeto y una confusi\u00f3n en el proceso en curso, lo que mancha sin duda su imparcialidad y, de hecho, la propia idoneidad y transparencia de la investigaci\u00f3n\u00bb, seg\u00fan el recurso de la defensa.<\/p>\n<p>La investigaci\u00f3n puede desembocar en un juicio a Lula, que se celebrar\u00eda en el \u00e1mbito de la justicia federal ordinaria puesto que el expresidente, al no ocupar ning\u00fan cargo pol\u00edtico, no est\u00e1 aforado.<\/p>\n<p>No obstante, la Fiscal\u00eda podr\u00eda archivar la causa en cualquier momento si considera que no tiene suficientes indicios para elevarla a un tribunal.<\/p>\n<p>El popular exmandatario sali\u00f3 airoso de todas las acusaciones en su contra por corrupci\u00f3n y no lleg\u00f3 a ser incluido en el juicio por pago de sobornos a parlamentarios y financiaci\u00f3n ilegal de campa\u00f1as destapado en 2005, durante su primer mandato, y por el que fueron condenados 25 pol\u00edticos y empresarios, algunos de ellos muy cercanos a \u00e9l.<\/p>\n","protected":false},"excerpt":{"rendered":"<p>Brasil Los abogados de Luiz In\u00e1cio Lula da Silva pidieron hoy la anulaci\u00f3n de la investigaci\u00f3n que fue abierta para determinar si el expresidente brasile\u00f1o incurri\u00f3 en el delito de tr\u00e1fico de influencias para favorecer a una constructora y que se investigue al fiscal responsable por la acci\u00f3n. En un recurso presentado hoy ante el [&hellip;]<\/p>\n","protected":false},"author":7,"featured_media":17123,"comment_status":"open","ping_status":"open","sticky":false,"template":"","format":"standard","meta":{"footnotes":""},"categories":[40,43],"tags":[],"class_list":["post-17122","post","type-post","status-publish","format-standard","has-post-thumbnail","hentry","category-internacionales","category-politica"],"_links":{"self":[{"href":"https:\/\/2horizontes.com\/index.php?rest_route=\/wp\/v2\/posts\/17122","targetHints":{"allow":["GET"]}}],"collection":[{"href":"https:\/\/2horizontes.com\/index.php?rest_route=\/wp\/v2\/posts"}],"about":[{"href":"https:\/\/2horizontes.com\/index.php?rest_route=\/wp\/v2\/types\/post"}],"author":[{"embeddable":true,"href":"https:\/\/2horizontes.com\/index.php?rest_route=\/wp\/v2\/users\/7"}],"replies":[{"embeddable":true,"href":"https:\/\/2horizontes.com\/index.php?rest_route=%2Fwp%2Fv2%2Fcomments&post=17122"}],"version-history":[{"count":2,"href":"https:\/\/2horizontes.com\/index.php?rest_route=\/wp\/v2\/posts\/17122\/revisions"}],"predecessor-version":[{"id":17125,"href":"https:\/\/2horizontes.com\/index.php?rest_route=\/wp\/v2\/posts\/17122\/revisions\/17125"}],"wp:featuredmedia":[{"embeddable":true,"href":"https:\/\/2horizontes.com\/index.php?rest_route=\/wp\/v2\/media\/17123"}],"wp:attachment":[{"href":"https:\/\/2horizontes.com\/index.php?rest_route=%2Fwp%2Fv2%2Fmedia&parent=17122"}],"wp:term":[{"taxonomy":"category","embeddable":true,"href":"https:\/\/2horizontes.com\/index.php?rest_route=%2Fwp%2Fv2%2Fcategories&post=17122"},{"taxonomy":"post_tag","embeddable":true,"href":"https:\/\/2horizontes.com\/index.php?rest_route=%2Fwp%2Fv2%2Ftags&post=17122"}],"curies":[{"name":"wp","href":"https:\/\/api.w.org\/{rel}","templated":true}]}}