{"id":17112,"date":"2015-07-20T13:51:59","date_gmt":"2015-07-20T12:51:59","guid":{"rendered":"http:\/\/2horizontes.com\/?p=17112"},"modified":"2015-07-20T13:51:59","modified_gmt":"2015-07-20T12:51:59","slug":"fallece-el-actor-vasco-xabier-erauskin-en-un-accidente-de-trafico","status":"publish","type":"post","link":"https:\/\/2horizontes.com\/?p=17112","title":{"rendered":"Fallece el actor vasco Xabier Erauskin en un accidente de tr\u00e1fico"},"content":{"rendered":"<p>Seg\u00fan fuentes del Departamento vasco de Seguridad, el veh\u00edculo que conduc\u00eda se sali\u00f3 de la calzada cuando circulaba en direcci\u00f3n Alegia (Guip\u00fazcoa) y choc\u00f3 contra el muro de una empresa situada en la carretera GI-2133 en Zalbidia.<\/p>\n<p>En el turismo tan solo se encontraba el actor, que debido a la fuerte colisi\u00f3n se qued\u00f3 atrapado en el interior. Los Servicios de Emergencias se desplazaron r\u00e1pidamente al lugar, donde le socorrieron y le trasladaron al Hospital Donostia, donde no pudieron hacer nada por salvar la vida del artista, debido a la gravedad de las heridas que sufr\u00eda.<\/p>\n<p>El actor, de 46 a\u00f1os, era un rostro muy conocido en el Pa\u00eds Vasco debido a su participaci\u00f3n en series y programas emitidos por la televisi\u00f3n p\u00fablica local.<\/p>\n<p>Adem\u00e1s, tambi\u00e9n particip\u00f3 en la cadena Telecinco, de Mediaset, desempe\u00f1ando un papel en la serie Hospital Central.<\/p>\n","protected":false},"excerpt":{"rendered":"<p>Seg\u00fan fuentes del Departamento vasco de Seguridad, el veh\u00edculo que conduc\u00eda se sali\u00f3 de la calzada cuando circulaba en direcci\u00f3n Alegia (Guip\u00fazcoa) y choc\u00f3 contra el muro de una empresa situada en la carretera GI-2133 en Zalbidia. En el turismo tan solo se encontraba el actor, que debido a la fuerte colisi\u00f3n se qued\u00f3 atrapado [&hellip;]<\/p>\n","protected":false},"author":3,"featured_media":17114,"comment_status":"open","ping_status":"open","sticky":false,"template":"","format":"standard","meta":{"footnotes":""},"categories":[85],"tags":[],"class_list":["post-17112","post","type-post","status-publish","format-standard","has-post-thumbnail","hentry","category-espana"],"_links":{"self":[{"href":"https:\/\/2horizontes.com\/index.php?rest_route=\/wp\/v2\/posts\/17112","targetHints":{"allow":["GET"]}}],"collection":[{"href":"https:\/\/2horizontes.com\/index.php?rest_route=\/wp\/v2\/posts"}],"about":[{"href":"https:\/\/2horizontes.com\/index.php?rest_route=\/wp\/v2\/types\/post"}],"author":[{"embeddable":true,"href":"https:\/\/2horizontes.com\/index.php?rest_route=\/wp\/v2\/users\/3"}],"replies":[{"embeddable":true,"href":"https:\/\/2horizontes.com\/index.php?rest_route=%2Fwp%2Fv2%2Fcomments&post=17112"}],"version-history":[{"count":1,"href":"https:\/\/2horizontes.com\/index.php?rest_route=\/wp\/v2\/posts\/17112\/revisions"}],"predecessor-version":[{"id":17115,"href":"https:\/\/2horizontes.com\/index.php?rest_route=\/wp\/v2\/posts\/17112\/revisions\/17115"}],"wp:featuredmedia":[{"embeddable":true,"href":"https:\/\/2horizontes.com\/index.php?rest_route=\/wp\/v2\/media\/17114"}],"wp:attachment":[{"href":"https:\/\/2horizontes.com\/index.php?rest_route=%2Fwp%2Fv2%2Fmedia&parent=17112"}],"wp:term":[{"taxonomy":"category","embeddable":true,"href":"https:\/\/2horizontes.com\/index.php?rest_route=%2Fwp%2Fv2%2Fcategories&post=17112"},{"taxonomy":"post_tag","embeddable":true,"href":"https:\/\/2horizontes.com\/index.php?rest_route=%2Fwp%2Fv2%2Ftags&post=17112"}],"curies":[{"name":"wp","href":"https:\/\/api.w.org\/{rel}","templated":true}]}}