{"id":1710,"date":"2014-08-29T16:08:28","date_gmt":"2014-08-29T16:08:28","guid":{"rendered":"http:\/\/2horizontes.com\/?p=1710"},"modified":"2014-08-29T16:08:28","modified_gmt":"2014-08-29T16:08:28","slug":"reportan-naufragio-de-yola-en-caribe-dominicano","status":"publish","type":"post","link":"https:\/\/2horizontes.com\/?p=1710","title":{"rendered":"Reportan naufragio de yola en Caribe dominicano"},"content":{"rendered":"<p>Santo<img loading=\"lazy\" decoding=\"async\" class=\"alignleft size-medium wp-image-1711\" src=\"http:\/\/2horizontes.com\/wp-content\/uploads\/2014\/08\/naufrago-300x227.jpg\" alt=\"naufrago\" width=\"300\" height=\"227\" srcset=\"https:\/\/2horizontes.com\/wp-content\/uploads\/2014\/08\/naufrago-300x227.jpg 300w, https:\/\/2horizontes.com\/wp-content\/uploads\/2014\/08\/naufrago.jpg 350w\" sizes=\"auto, (max-width: 300px) 100vw, 300px\" \/> Domingo, 28 ago (PL). Al menos una persona muri\u00f3 y otras 20 est\u00e1n desaparecidas por el naufragio de una yola (embarcaci\u00f3n fr\u00e1gil) que llevaba emigrantes ilegales de Rep\u00fablica Dominicana a Puerto Rico, informaron hoy las autoridades navales.<\/p>\n<p>La v\u00edctima fue identificada por la polic\u00eda como Charite Valesco, de 46 a\u00f1os, y su cad\u00e1ver fue trasladado a la morgue del hospital de Hig\u00fcey, oriental provincia de La Altagracia, de donde ser\u00e1 enviado al Instituto Nacional de Ciencias Forenses.<\/p>\n<p>Seg\u00fan se conoci\u00f3, naves de la Armada Dominicana y brigadistas de la Defensa Civil se integraron a la b\u00fasqueda de posibles sobrevivientes del naufragio, pero a\u00fan no se conocen mayores detalles del hecho reportado poco despu\u00e9s del mediod\u00eda.<\/p>\n<p>Las yolas son peque\u00f1as embarcaciones de bajo costo y una sola cubierta, a menudo usadas por pescadores y tambi\u00e9n por traficantes de personas, que han dejado un saldo lamentable de p\u00e9rdidas humanas pues no est\u00e1n dise\u00f1adas para los rigores de alta mar.<\/p>\n<p>Suelen zozobrar al ser embestidas por el oleaje fuerte frecuente en el Canal de la Mona que separa a Rep\u00fablica Dominicana de Puerto Rico y van generalmente sobrecargadas de pasajeros que no llevan ni chalecos salvavidas para flotar.<\/p>\n<p>F. Prensa Latina.<\/p>\n","protected":false},"excerpt":{"rendered":"<p>Santo Domingo, 28 ago (PL). Al menos una persona muri\u00f3 y otras 20 est\u00e1n desaparecidas por el naufragio de una yola (embarcaci\u00f3n fr\u00e1gil) que llevaba emigrantes ilegales de Rep\u00fablica Dominicana a Puerto Rico, informaron hoy las autoridades navales. La v\u00edctima fue identificada por la polic\u00eda como Charite Valesco, de 46 a\u00f1os, y su cad\u00e1ver fue [&hellip;]<\/p>\n","protected":false},"author":1,"featured_media":0,"comment_status":"open","ping_status":"open","sticky":false,"template":"","format":"standard","meta":{"footnotes":""},"categories":[1],"tags":[],"class_list":["post-1710","post","type-post","status-publish","format-standard","hentry","category-entretenimiento"],"_links":{"self":[{"href":"https:\/\/2horizontes.com\/index.php?rest_route=\/wp\/v2\/posts\/1710","targetHints":{"allow":["GET"]}}],"collection":[{"href":"https:\/\/2horizontes.com\/index.php?rest_route=\/wp\/v2\/posts"}],"about":[{"href":"https:\/\/2horizontes.com\/index.php?rest_route=\/wp\/v2\/types\/post"}],"author":[{"embeddable":true,"href":"https:\/\/2horizontes.com\/index.php?rest_route=\/wp\/v2\/users\/1"}],"replies":[{"embeddable":true,"href":"https:\/\/2horizontes.com\/index.php?rest_route=%2Fwp%2Fv2%2Fcomments&post=1710"}],"version-history":[{"count":1,"href":"https:\/\/2horizontes.com\/index.php?rest_route=\/wp\/v2\/posts\/1710\/revisions"}],"predecessor-version":[{"id":1712,"href":"https:\/\/2horizontes.com\/index.php?rest_route=\/wp\/v2\/posts\/1710\/revisions\/1712"}],"wp:attachment":[{"href":"https:\/\/2horizontes.com\/index.php?rest_route=%2Fwp%2Fv2%2Fmedia&parent=1710"}],"wp:term":[{"taxonomy":"category","embeddable":true,"href":"https:\/\/2horizontes.com\/index.php?rest_route=%2Fwp%2Fv2%2Fcategories&post=1710"},{"taxonomy":"post_tag","embeddable":true,"href":"https:\/\/2horizontes.com\/index.php?rest_route=%2Fwp%2Fv2%2Ftags&post=1710"}],"curies":[{"name":"wp","href":"https:\/\/api.w.org\/{rel}","templated":true}]}}