{"id":17086,"date":"2015-07-20T12:38:13","date_gmt":"2015-07-20T11:38:13","guid":{"rendered":"http:\/\/2horizontes.com\/?p=17086"},"modified":"2015-07-20T12:41:24","modified_gmt":"2015-07-20T11:41:24","slug":"dos-pilotos-de-moto-espanoles-mueren-en-un-campeonato-en-ee-uu","status":"publish","type":"post","link":"https:\/\/2horizontes.com\/?p=17086","title":{"rendered":"Dos pilotos de moto espa\u00f1oles mueren en un campeonato en EE UU"},"content":{"rendered":"<p>Los pilotos espa\u00f1oles Bernat Mart\u00ednez y Dani Rivas han fallecido en un accidente durante la disputa del campeonato MotoAm\u00e9rica en el circuito Laguna Seca (California, Estados Unidos).<\/p>\n<p>Mart\u00ednez, valenciano de 35 a\u00f1os, y Rivas gallego de 27, no han podido superar las heridas sufridas tras sendas ca\u00eddas que sufrieron en un accidente m\u00faltiple en la salida de la segunda manga de la categor\u00eda Superbikes1000 (categor\u00eda complementar\u00eda que acompa\u00f1a al Mundial). Poco despu\u00e9s de la salida, cuando el grupo se acercaba a la primera curva del trazado, uno de los pilotos que se encontraba en el centro del pelot\u00f3n fren\u00f3 repentinamente, provocando un taponamiento que ha involucrado a cinco corredores.<\/p>\n<p>Ambos pilotos fueron trasladados a un hospital cercano, el Community Hospital de Monterey por carretera en el caso de Mart\u00ednez, y el Natividad Medical Center de Salinas por aire en el caso de Rivas, pero los m\u00e9dicos no pudieron hacer nada por salvar sus vidas.<\/p>\n<div id=\"DvidInText\" class=\"stvidInText\">Bernat Mart\u00ednez, natural de Alberic (Valencia), ten\u00eda una larga trayectoria en el campeonato de Espa\u00f1a de Velocidad y en las pruebas de las categr\u00edas complementarias del Mundial de superbikes de Estados Unidos, y tambi\u00e9n como piloto de Supermotard a nivel nacional. Por su parte Dani Rivas, natural de Moa\u00f1a (Pontevedra), era tambi\u00e9n un habitual de las pruebas y recientemente hab\u00eda probado suerte en campeonatos internacionales como MotoAm\u00e9rica al que viaj\u00f3 a principios de mes con la ilusi\u00f3n de rodar en la m\u00edtica curva del Sacacorchos.<\/div>\n<div class=\"stvidInText\"><\/div>\n","protected":false},"excerpt":{"rendered":"<p>Los pilotos espa\u00f1oles Bernat Mart\u00ednez y Dani Rivas han fallecido en un accidente durante la disputa del campeonato MotoAm\u00e9rica en el circuito Laguna Seca (California, Estados Unidos). Mart\u00ednez, valenciano de 35 a\u00f1os, y Rivas gallego de 27, no han podido superar las heridas sufridas tras sendas ca\u00eddas que sufrieron en un accidente m\u00faltiple en la [&hellip;]<\/p>\n","protected":false},"author":3,"featured_media":17087,"comment_status":"open","ping_status":"open","sticky":false,"template":"","format":"standard","meta":{"footnotes":""},"categories":[42,85,40],"tags":[],"class_list":["post-17086","post","type-post","status-publish","format-standard","has-post-thumbnail","hentry","category-deportes","category-espana","category-internacionales"],"_links":{"self":[{"href":"https:\/\/2horizontes.com\/index.php?rest_route=\/wp\/v2\/posts\/17086","targetHints":{"allow":["GET"]}}],"collection":[{"href":"https:\/\/2horizontes.com\/index.php?rest_route=\/wp\/v2\/posts"}],"about":[{"href":"https:\/\/2horizontes.com\/index.php?rest_route=\/wp\/v2\/types\/post"}],"author":[{"embeddable":true,"href":"https:\/\/2horizontes.com\/index.php?rest_route=\/wp\/v2\/users\/3"}],"replies":[{"embeddable":true,"href":"https:\/\/2horizontes.com\/index.php?rest_route=%2Fwp%2Fv2%2Fcomments&post=17086"}],"version-history":[{"count":5,"href":"https:\/\/2horizontes.com\/index.php?rest_route=\/wp\/v2\/posts\/17086\/revisions"}],"predecessor-version":[{"id":17092,"href":"https:\/\/2horizontes.com\/index.php?rest_route=\/wp\/v2\/posts\/17086\/revisions\/17092"}],"wp:featuredmedia":[{"embeddable":true,"href":"https:\/\/2horizontes.com\/index.php?rest_route=\/wp\/v2\/media\/17087"}],"wp:attachment":[{"href":"https:\/\/2horizontes.com\/index.php?rest_route=%2Fwp%2Fv2%2Fmedia&parent=17086"}],"wp:term":[{"taxonomy":"category","embeddable":true,"href":"https:\/\/2horizontes.com\/index.php?rest_route=%2Fwp%2Fv2%2Fcategories&post=17086"},{"taxonomy":"post_tag","embeddable":true,"href":"https:\/\/2horizontes.com\/index.php?rest_route=%2Fwp%2Fv2%2Ftags&post=17086"}],"curies":[{"name":"wp","href":"https:\/\/api.w.org\/{rel}","templated":true}]}}