{"id":1705,"date":"2014-08-29T15:11:23","date_gmt":"2014-08-29T15:11:23","guid":{"rendered":"http:\/\/2horizontes.com\/?p=1705"},"modified":"2014-08-29T15:11:23","modified_gmt":"2014-08-29T15:11:23","slug":"republica-dominicana-compensarian-a-duenos-de-terrenos-de-loma-miranda","status":"publish","type":"post","link":"https:\/\/2horizontes.com\/?p=1705","title":{"rendered":"Rep\u00fablica Dominicana:  Compensar\u00edan a due\u00f1os de terrenos de Loma Miranda"},"content":{"rendered":"<div id=\"ArticleBody\" style=\"margin-top: 10px;\">\n<p><img loading=\"lazy\" decoding=\"async\" class=\"alignleft size-full wp-image-1707\" src=\"http:\/\/2horizontes.com\/wp-content\/uploads\/2014\/08\/LOMA-DE-M.jpeg\" alt=\"LOMA DE M\" width=\"294\" height=\"196\" \/>Santo Domingo. En la ley de declaratoria de Loma Miranda como Parque Nacional, que aprob\u00f3 el Congreso Nacional esta semana, se especifica que Falcondo no es la \u00fanica due\u00f1a de los terrenos donde est\u00e1 la loma, sino que existen otros propietarios a los cuales el Estado deber\u00e1 compensar, de acuerdo a lo que establece el art\u00edculo 51 de la Constituci\u00f3n de la Rep\u00fablica.<\/p>\n<p>Establece adem\u00e1s que \u00e9stos son due\u00f1os del suelo, pero no del subsuelo, donde est\u00e1n los dep\u00f3sitos de minerales que contienen ferron\u00edquel.<\/p>\n<p>Falcondo ha insistido en su alegato de que el proyecto aprobado viola la Constituci\u00f3n. El Estado y Falcondo tienen un contrato que tiene 56 a\u00f1os, seg\u00fan record\u00f3 la empresa en un comunicado.<\/p>\n<p>El proyecto aprobado por la C\u00e1mara de Diputados y el Senado fue enviado en la ma\u00f1ana de ayer al Poder Ejecutivo para que el presidente Danilo Medina tome la decisi\u00f3n de observarlo o promulgarlo.<\/p>\n<p>El abogado de la empresa, Eduardo Jorge Prats, revel\u00f3, antes de que sea convertido en ley, que el gobierno tendr\u00eda que indemnizar a la empresa Falconbridge Dominicana con US$4,000 millones si eso suced\u00eda. Detall\u00f3 que la indemnizaci\u00f3n responder\u00eda a la compensaci\u00f3n por la violaci\u00f3n al derecho de propiedad del terreno y los derechos derivados de la concesi\u00f3n minera Quisqueya Uno.<\/p>\n<p><b> Las consideraciones <\/b><br \/>\nLos legisladores consideraron que Loma Miranda es un ecosistema muy singular de la Cordillera Central, el cual atesora una inestimable riqueza biol\u00f3gica, donde se concentra la mitad de las familias de plantas conocidas o reportadas para la Rep\u00fablica Dominicana y el resto de la isla La Espa\u00f1ola, con especies animales \u00fanicas y niveles de endemismos que superan el 80% en algunos de los casos y cuya sensibilidad y fragilidad ameritan de una protecci\u00f3n y una atenci\u00f3n muy especial para garantizar la conservaci\u00f3n de este bien mayor de la naci\u00f3n.<\/p>\n<p>Dicen que Loma Miranda es una de las zonas productoras de agua de mayor importancia del pa\u00eds, la cual sirve de sustento para el desarrollo de la agricultura del principal granero agr\u00edcola del pa\u00eds, que es el Valle de La Vega Real. Tambi\u00e9n, diversas especies de vegetales chinos y otros rubros; adem\u00e1s, es la fuente natural de alimentaci\u00f3n de la Presa de Rinc\u00f3n, de donde parte el acueducto que suministra el agua potable a San Francisco de Macor\u00eds, Salcedo, El Pino, Rinc\u00f3n, Jima, Fantino, Ranchito y decenas de comunidades.<\/p>\n<p><b><br \/>\nAPOYO DE JUSTICIA Y TRANSPARENCIA <\/b><br \/>\nLa Fundaci\u00f3n Justicia y Transparencia (FJT) felicit\u00f3 al pueblo dominicano por el empoderamiento c\u00edvico y la lucha librada para que Loma Miranda sea convertida en parque nacional, denotando el arrojo decidido a reclamar y exigir en cualquier terreno el respeto a sus derechos fundamentales.<\/p>\n<p>Destac\u00f3 que Loma Miranda es un exclusivo pulm\u00f3n medioambiental, sin dudas el m\u00e1s importante del pa\u00eds compuesto por una cadena monta\u00f1osa, enmarcada dentro de la Cordillera Central.<\/p>\n<p>La entidad precis\u00f3 que la contribuci\u00f3n de sus bosques originan el nacimiento de importantes r\u00edos y arroyos para el pa\u00eds, entre otros Guarey, Terrero, Pont\u00f3n, Jag\u00fcey, Berraco y Jima, los cuales tributan a otras fuentes acu\u00edferas y de all\u00ed suplen agua para varios acueductos, riego agr\u00edcola y abasto de agua para la cr\u00eda de ganado y la generaci\u00f3n de energ\u00eda hidroel\u00e9ctrica.<\/p>\n<p>Fuente: List\u00edn Diario<\/p>\n<\/div>\n","protected":false},"excerpt":{"rendered":"<p>Santo Domingo. En la ley de declaratoria de Loma Miranda como Parque Nacional, que aprob\u00f3 el Congreso Nacional esta semana, se especifica que Falcondo no es la \u00fanica due\u00f1a de los terrenos donde est\u00e1 la loma, sino que existen otros propietarios a los cuales el Estado deber\u00e1 compensar, de acuerdo a lo que establece el [&hellip;]<\/p>\n","protected":false},"author":1,"featured_media":0,"comment_status":"open","ping_status":"open","sticky":false,"template":"","format":"standard","meta":{"footnotes":""},"categories":[1],"tags":[],"class_list":["post-1705","post","type-post","status-publish","format-standard","hentry","category-entretenimiento"],"_links":{"self":[{"href":"https:\/\/2horizontes.com\/index.php?rest_route=\/wp\/v2\/posts\/1705","targetHints":{"allow":["GET"]}}],"collection":[{"href":"https:\/\/2horizontes.com\/index.php?rest_route=\/wp\/v2\/posts"}],"about":[{"href":"https:\/\/2horizontes.com\/index.php?rest_route=\/wp\/v2\/types\/post"}],"author":[{"embeddable":true,"href":"https:\/\/2horizontes.com\/index.php?rest_route=\/wp\/v2\/users\/1"}],"replies":[{"embeddable":true,"href":"https:\/\/2horizontes.com\/index.php?rest_route=%2Fwp%2Fv2%2Fcomments&post=1705"}],"version-history":[{"count":1,"href":"https:\/\/2horizontes.com\/index.php?rest_route=\/wp\/v2\/posts\/1705\/revisions"}],"predecessor-version":[{"id":1708,"href":"https:\/\/2horizontes.com\/index.php?rest_route=\/wp\/v2\/posts\/1705\/revisions\/1708"}],"wp:attachment":[{"href":"https:\/\/2horizontes.com\/index.php?rest_route=%2Fwp%2Fv2%2Fmedia&parent=1705"}],"wp:term":[{"taxonomy":"category","embeddable":true,"href":"https:\/\/2horizontes.com\/index.php?rest_route=%2Fwp%2Fv2%2Fcategories&post=1705"},{"taxonomy":"post_tag","embeddable":true,"href":"https:\/\/2horizontes.com\/index.php?rest_route=%2Fwp%2Fv2%2Ftags&post=1705"}],"curies":[{"name":"wp","href":"https:\/\/api.w.org\/{rel}","templated":true}]}}