{"id":17043,"date":"2015-07-18T19:46:39","date_gmt":"2015-07-18T18:46:39","guid":{"rendered":"http:\/\/2horizontes.com\/?p=17043"},"modified":"2015-07-18T19:46:39","modified_gmt":"2015-07-18T18:46:39","slug":"reabren-vertedero-en-plena-ciudad-de-moca-rd","status":"publish","type":"post","link":"https:\/\/2horizontes.com\/?p=17043","title":{"rendered":"Reabren vertedero en plena ciudad de Moca RD"},"content":{"rendered":"<p><strong>RD-Moca.<\/strong> El vertedero municipal que hace un a\u00f1o fue clausurado por el Ministerio de Medio Ambiente fue reinstalado nuevamente en la cercan\u00eda de la zona franca, en pleno casco urbano.La reapertura ocurre a pesar de las denuncias de los mocanos, sobre los altos niveles de contaminaci\u00f3n que genera el vertedero, ya que podr\u00eda desatar brote de enfermedades y la proliferaci\u00f3n de alima\u00f1as.<\/p>\n<p>Adem\u00e1s de reinstalar el basurero, se han improvisado decenas de vertederos en barrios del entorno.<\/p>\n<p>El problema surge luego de que la comunidad de Santa Rosa se negara a que sea levantado un nuevo vertedero para que se produzca el cierre definitivo del dep\u00f3sito de basura que oper\u00f3 por m\u00e1s de 30 a\u00f1os.<\/p>\n<p>Recientemente el Concejo Edilicio y el alcalde municipal se pusieron de acuerdo para retirar el contrato con la compa\u00f1\u00eda Gesti\u00f3n de Servicios Municipales (GSM), la que desde hace un tiempo se encargaba de recogida de los desechos.<\/p>\n<p><strong>Servicio precario<\/strong><\/p>\n<p>Una de las quejas presentadas por algunos ediles es que de 100 pesos que paga cada ciudadano, la empresa se lleva el 60%, lo que representa un contrato deshonesto, donde el dinero termina en manos de particulares y no realmente en el pueblo.<\/p>\n<p>La medida de rescindir el contrato ha provocado que se desborde la basura en calles y avenidas, mientras ciudadanos temen a la contaminaci\u00f3n.<\/p>\n<p>Jos\u00e9 Abreu sostuvo que aunque la alcald\u00eda hace tiempo que contrat\u00f3 a una empresa internacional para la recogida de basura, ubicada en el mismo edificio del ayuntamiento, al parecer de nada ha servido, a juzgar por el amontonamiento de basura en sectores de Moca. Abreu se mostr\u00f3 preocupado por la contaminaci\u00f3n y reclam\u00f3 acciones del alcalde de Moca, Remberto Cruz.<\/p>\n<p><strong>Llaman a tomar medidas contra contaminaci\u00f3n<\/strong><\/p>\n<p>Los casos de dengue y otras enfermedades infectocontagiosas tienen preocupada a gran parte de la poblaci\u00f3n de diferentes puntos de Moca como Villa Olga, Los C\u00e1ceres Calle Imbert, Barrio Cala I y II, Las Flores, barrio residencial Moca, Villa Bartola, Jenny Mar\u00eda, Calle Jos\u00e9 Mar\u00eda Rodr\u00edguez, Barrio Viejo y Nuevo Puerto Rico y otros tantos, donde el c\u00famulo de basura era notoria.<\/p>\n<p>&nbsp;<\/p>\n","protected":false},"excerpt":{"rendered":"<p>RD-Moca. El vertedero municipal que hace un a\u00f1o fue clausurado por el Ministerio de Medio Ambiente fue reinstalado nuevamente en la cercan\u00eda de la zona franca, en pleno casco urbano.La reapertura ocurre a pesar de las denuncias de los mocanos, sobre los altos niveles de contaminaci\u00f3n que genera el vertedero, ya que podr\u00eda desatar brote [&hellip;]<\/p>\n","protected":false},"author":8,"featured_media":17044,"comment_status":"open","ping_status":"open","sticky":false,"template":"","format":"standard","meta":{"footnotes":""},"categories":[53],"tags":[],"class_list":["post-17043","post","type-post","status-publish","format-standard","has-post-thumbnail","hentry","category-provincias"],"_links":{"self":[{"href":"https:\/\/2horizontes.com\/index.php?rest_route=\/wp\/v2\/posts\/17043","targetHints":{"allow":["GET"]}}],"collection":[{"href":"https:\/\/2horizontes.com\/index.php?rest_route=\/wp\/v2\/posts"}],"about":[{"href":"https:\/\/2horizontes.com\/index.php?rest_route=\/wp\/v2\/types\/post"}],"author":[{"embeddable":true,"href":"https:\/\/2horizontes.com\/index.php?rest_route=\/wp\/v2\/users\/8"}],"replies":[{"embeddable":true,"href":"https:\/\/2horizontes.com\/index.php?rest_route=%2Fwp%2Fv2%2Fcomments&post=17043"}],"version-history":[{"count":1,"href":"https:\/\/2horizontes.com\/index.php?rest_route=\/wp\/v2\/posts\/17043\/revisions"}],"predecessor-version":[{"id":17045,"href":"https:\/\/2horizontes.com\/index.php?rest_route=\/wp\/v2\/posts\/17043\/revisions\/17045"}],"wp:featuredmedia":[{"embeddable":true,"href":"https:\/\/2horizontes.com\/index.php?rest_route=\/wp\/v2\/media\/17044"}],"wp:attachment":[{"href":"https:\/\/2horizontes.com\/index.php?rest_route=%2Fwp%2Fv2%2Fmedia&parent=17043"}],"wp:term":[{"taxonomy":"category","embeddable":true,"href":"https:\/\/2horizontes.com\/index.php?rest_route=%2Fwp%2Fv2%2Fcategories&post=17043"},{"taxonomy":"post_tag","embeddable":true,"href":"https:\/\/2horizontes.com\/index.php?rest_route=%2Fwp%2Fv2%2Ftags&post=17043"}],"curies":[{"name":"wp","href":"https:\/\/api.w.org\/{rel}","templated":true}]}}