{"id":17026,"date":"2015-07-18T19:00:32","date_gmt":"2015-07-18T18:00:32","guid":{"rendered":"http:\/\/2horizontes.com\/?p=17026"},"modified":"2015-07-18T19:00:32","modified_gmt":"2015-07-18T18:00:32","slug":"miembros-comite-politico-del-pld-arremeten-contra-la-oea-y-almagro","status":"publish","type":"post","link":"https:\/\/2horizontes.com\/?p=17026","title":{"rendered":"Miembros Comit\u00e9 Pol\u00edtico del PLD arremeten contra la OEA y Almagro"},"content":{"rendered":"<p>RD-SANTO DOMINGO, Rep\u00fablica Dominicana.- Los miembros del comit\u00e9 pol\u00edtico del gubernamental Partido Revolucionario Dominicana (PLD), Euclides Guti\u00e9rrez Felix y Eduardo Selman, rechazaron de forma contundente los pronunciamientos del Secretario General de \u00a0la Organizaci\u00f3n Estados Americanos (OEA),\u00a0Lu\u00eds Almagro, sobre la crisis migratoria entre Hait\u00ed y la Rep\u00fablica Dominicana.<\/p>\n<p>Guti\u00e9rrez, quien adem\u00e1s es superintendente de Seguros, tild\u00f3 de \u201cletrina\u201d a la OEA y record\u00f3 el descr\u00e9dito que gener\u00f3 a este organismo internacional el hecho de que auspiciara una intervenci\u00f3n armada a la Rep\u00fablica Dominicana en el 1965.<\/p>\n<p>\u201cEs \u00a0un bandido uruguayo\u201d, dijo refiri\u00e9ndose a Almagro. \u00a0Y respecto a la OEA manifest\u00f3: \u201d Eso no sirve para nada; es una letrina internacional, que auspici\u00f3 la intervenci\u00f3n de los Estados Unidos aqu\u00ed, sin el voto que le daba la mayor\u00eda, porque usaron el voto de Bonilla Atiles, que era el representante de un gobierno que hab\u00eda sido sacado del poder ya\u201d.<\/p>\n<p>El tambi\u00e9n historiador y miembro fundador del PLD, destac\u00f3 que el pueblo dominicano tiene la historia m\u00e1s bella de pelea en Am\u00e9rica y tiene que responder \u201cno importa lo que quiera \u00a0\u00a0venderse desde los medios de comunicaci\u00f3n.<\/p>\n<p>Guti\u00e9rrez F\u00e9lix manifest\u00f3 que, como funcionario p\u00fablico y dirigente del PLD, respalda sin reserva alguna la postura del Gobierno dominicano de rechazar de forma categ\u00f3rica los pronunciamientos de Almagro de que \u201cen la isla debe existir un solo pa\u00eds\u201d.<\/p>\n<p>De su\u00a0<strong>lado Selman, quien adem\u00e1s es c<\/strong>\u00f3nsul de la Rep\u00fablica Dominicanaen Nueva York, \u00a0declar\u00f3:\u00a0\u201cRespaldamos totalmente la digna \u00a0posici\u00f3n asumida por \u00a0el Gobierno dominicano.\u00a0 Estamos totalmente de acuerdo con ella. Y si el se\u00f1or Almagro desminti\u00f3 lo que habr\u00eda dicho, que bueno\u201d.<\/p>\n<p>Luis Almagro, secretario general de la OEA dijo que sus declaraciones fueron tergiversadas, y que lo que hizo fue llamar al di\u00e1logo a dos pa\u00edses que comparten una misma isla.<\/p>\n","protected":false},"excerpt":{"rendered":"<p>RD-SANTO DOMINGO, Rep\u00fablica Dominicana.- Los miembros del comit\u00e9 pol\u00edtico del gubernamental Partido Revolucionario Dominicana (PLD), Euclides Guti\u00e9rrez Felix y Eduardo Selman, rechazaron de forma contundente los pronunciamientos del Secretario General de \u00a0la Organizaci\u00f3n Estados Americanos (OEA),\u00a0Lu\u00eds Almagro, sobre la crisis migratoria entre Hait\u00ed y la Rep\u00fablica Dominicana. Guti\u00e9rrez, quien adem\u00e1s es superintendente de Seguros, tild\u00f3 [&hellip;]<\/p>\n","protected":false},"author":8,"featured_media":17027,"comment_status":"open","ping_status":"open","sticky":false,"template":"","format":"standard","meta":{"footnotes":""},"categories":[43],"tags":[],"class_list":["post-17026","post","type-post","status-publish","format-standard","has-post-thumbnail","hentry","category-politica"],"_links":{"self":[{"href":"https:\/\/2horizontes.com\/index.php?rest_route=\/wp\/v2\/posts\/17026","targetHints":{"allow":["GET"]}}],"collection":[{"href":"https:\/\/2horizontes.com\/index.php?rest_route=\/wp\/v2\/posts"}],"about":[{"href":"https:\/\/2horizontes.com\/index.php?rest_route=\/wp\/v2\/types\/post"}],"author":[{"embeddable":true,"href":"https:\/\/2horizontes.com\/index.php?rest_route=\/wp\/v2\/users\/8"}],"replies":[{"embeddable":true,"href":"https:\/\/2horizontes.com\/index.php?rest_route=%2Fwp%2Fv2%2Fcomments&post=17026"}],"version-history":[{"count":1,"href":"https:\/\/2horizontes.com\/index.php?rest_route=\/wp\/v2\/posts\/17026\/revisions"}],"predecessor-version":[{"id":17028,"href":"https:\/\/2horizontes.com\/index.php?rest_route=\/wp\/v2\/posts\/17026\/revisions\/17028"}],"wp:featuredmedia":[{"embeddable":true,"href":"https:\/\/2horizontes.com\/index.php?rest_route=\/wp\/v2\/media\/17027"}],"wp:attachment":[{"href":"https:\/\/2horizontes.com\/index.php?rest_route=%2Fwp%2Fv2%2Fmedia&parent=17026"}],"wp:term":[{"taxonomy":"category","embeddable":true,"href":"https:\/\/2horizontes.com\/index.php?rest_route=%2Fwp%2Fv2%2Fcategories&post=17026"},{"taxonomy":"post_tag","embeddable":true,"href":"https:\/\/2horizontes.com\/index.php?rest_route=%2Fwp%2Fv2%2Ftags&post=17026"}],"curies":[{"name":"wp","href":"https:\/\/api.w.org\/{rel}","templated":true}]}}