{"id":16966,"date":"2015-07-18T01:20:06","date_gmt":"2015-07-18T00:20:06","guid":{"rendered":"http:\/\/2horizontes.com\/?p=16966"},"modified":"2015-07-18T01:20:06","modified_gmt":"2015-07-18T00:20:06","slug":"helicoptero-viajaba-director-de-aduanas-falla-y-aterriza-de-emergencia-en-canaveral-romana-rd","status":"publish","type":"post","link":"https:\/\/2horizontes.com\/?p=16966","title":{"rendered":"Helic\u00f3ptero viajaba director de Aduanas falla y aterriza de emergencia en ca\u00f1averal ROMANA RD"},"content":{"rendered":"<p>RD-LA ROMANA- El helic\u00f3ptero en que viajaba el director general de Aduanas, Fernando Fern\u00e1ndez, y dos funcionarios de la instituci\u00f3n, aterriz\u00f3 de emergencia al mediod\u00eda de este viernes en un campo de ca\u00f1a cercano a la ciudad de La Romana, luego que presentara una falla mec\u00e1nica.<\/p>\n<p>El titular de Aduanas, retornaba de una reuni\u00f3n de coordinaci\u00f3n con ejecutivos de un centro de convenci\u00f3n en Punta Cana, adonde hab\u00eda acudido para informarse sobre las facilidades de ese complejo para la celebraci\u00f3n de un encuentro internacional de la Comisi\u00f3n de Pol\u00edticas de la Organizaci\u00f3n Mundial de las Aduanas (OMA), a celebrarse a final de a\u00f1o en el pa\u00eds.<\/p>\n<p>Pese a lo considerable del desperfecto del aparato en uno de sus motores, y su improvisado descenso, ninguno de sus ocupantes result\u00f3 lesionados.<\/p>\n<p>El percance de la aeronave, provoc\u00f3 que Fern\u00e1ndez, y los dos funcionarios que le acompa\u00f1aban, el ingeniero Gregorio Lora, Asesor del Director, y el Vicealmirante Rafael Guillen Sarante, Supervisor de Seguridad de la DGA, lo mismo que el piloto del aparato, retornaran por v\u00eda terrestre a la ciudad de Santo Domingo.<\/p>\n<p>Debido a la gravedad de la aver\u00eda, la nave de cuatro pasajeros fue dejada en el mismo lugar en donde se accident\u00f3.<\/p>\n<p>&nbsp;<\/p>\n","protected":false},"excerpt":{"rendered":"<p>RD-LA ROMANA- El helic\u00f3ptero en que viajaba el director general de Aduanas, Fernando Fern\u00e1ndez, y dos funcionarios de la instituci\u00f3n, aterriz\u00f3 de emergencia al mediod\u00eda de este viernes en un campo de ca\u00f1a cercano a la ciudad de La Romana, luego que presentara una falla mec\u00e1nica. El titular de Aduanas, retornaba de una reuni\u00f3n de [&hellip;]<\/p>\n","protected":false},"author":8,"featured_media":16967,"comment_status":"open","ping_status":"open","sticky":false,"template":"","format":"standard","meta":{"footnotes":""},"categories":[53,44],"tags":[],"class_list":["post-16966","post","type-post","status-publish","format-standard","has-post-thumbnail","hentry","category-provincias","category-republica-dominicana"],"_links":{"self":[{"href":"https:\/\/2horizontes.com\/index.php?rest_route=\/wp\/v2\/posts\/16966","targetHints":{"allow":["GET"]}}],"collection":[{"href":"https:\/\/2horizontes.com\/index.php?rest_route=\/wp\/v2\/posts"}],"about":[{"href":"https:\/\/2horizontes.com\/index.php?rest_route=\/wp\/v2\/types\/post"}],"author":[{"embeddable":true,"href":"https:\/\/2horizontes.com\/index.php?rest_route=\/wp\/v2\/users\/8"}],"replies":[{"embeddable":true,"href":"https:\/\/2horizontes.com\/index.php?rest_route=%2Fwp%2Fv2%2Fcomments&post=16966"}],"version-history":[{"count":1,"href":"https:\/\/2horizontes.com\/index.php?rest_route=\/wp\/v2\/posts\/16966\/revisions"}],"predecessor-version":[{"id":16968,"href":"https:\/\/2horizontes.com\/index.php?rest_route=\/wp\/v2\/posts\/16966\/revisions\/16968"}],"wp:featuredmedia":[{"embeddable":true,"href":"https:\/\/2horizontes.com\/index.php?rest_route=\/wp\/v2\/media\/16967"}],"wp:attachment":[{"href":"https:\/\/2horizontes.com\/index.php?rest_route=%2Fwp%2Fv2%2Fmedia&parent=16966"}],"wp:term":[{"taxonomy":"category","embeddable":true,"href":"https:\/\/2horizontes.com\/index.php?rest_route=%2Fwp%2Fv2%2Fcategories&post=16966"},{"taxonomy":"post_tag","embeddable":true,"href":"https:\/\/2horizontes.com\/index.php?rest_route=%2Fwp%2Fv2%2Ftags&post=16966"}],"curies":[{"name":"wp","href":"https:\/\/api.w.org\/{rel}","templated":true}]}}