{"id":16963,"date":"2015-07-18T01:12:53","date_gmt":"2015-07-18T00:12:53","guid":{"rendered":"http:\/\/2horizontes.com\/?p=16963"},"modified":"2015-07-18T01:12:53","modified_gmt":"2015-07-18T00:12:53","slug":"pena-suazo-sociedad-internacional-nos-presiona-porque-no-ha-encontrado-un-pais-de-frente","status":"publish","type":"post","link":"https:\/\/2horizontes.com\/?p=16963","title":{"rendered":"Pe\u00f1a Suazo: \u201cSociedad internacional nos presiona porque no ha encontrado un pa\u00eds de frente\u201d"},"content":{"rendered":"<p>RD-SANTO DOMINGO- El merenguero Jos\u00e9 Virgilio Pe\u00f1a Suazo manifest\u00f3 este viernes que el Plan de Regularizaci\u00f3n no se ha enfocado por donde debe y que lo primero que hay que lograr es que los j\u00f3venes amen su bandera y su cultura.<\/p>\n<p>Se\u00f1al\u00f3 que con el tema haitiano \u201ca nosotros, la sociedad internacional nos presiona porque no ha encontrado un pa\u00eds de frente, porque si ma\u00f1ana todos los dominicanos salieran con una bandera el alto, una foto estuviese rondando por el mundo diciendo que amamos nuestro pa\u00eds y nuestra nacionalidad\u201d.<\/p>\n<p>\u201cSi nosotros cerramos esa frontera, Hait\u00ed se muere de hombre\u201d, dijo y sugiri\u00f3 trabajar en nuestra cultura para que los j\u00f3venes sientan orgullo de su bandera y su himno.<\/p>\n<p>\u201cTodo el tema migratorio debe enfocarse en nuestra cultura, porque en los \u00faltimos a\u00f1os hemos pr\u00e1cticamente perdido nuestra identidad. Aqu\u00ed en un 27 de Febrero ya no se ve nuestra bandera\u201d, lament\u00f3 el merenguero al intervenir por la v\u00eda telef\u00f3nica en el programa Tu Derecho a Saber, por Rumba 98.5 FM.<\/p>\n<p>Reiter\u00f3 que hay que empezar a trabajar desde la m\u00fasica hasta todo lo cultural, \u201cporque por ejemplo, el Festival del Merengue no era un asunto de que solo los merengueros tocaran y ya, era un tema de identidad\u201d.<\/p>\n<p>Dijo que es desastroso que \u201cel 80% de nuestra juventud no sepa bailar merengue; que es terrible que la nueva generaci\u00f3n no sepa bailar la m\u00fasica de su pa\u00eds\u201d y que es un compromiso \u201cmantener la cultura\u201d.<\/p>\n<p>Jos\u00e9 Virgilio Pe\u00f1a Suazo, quien estar\u00e1 de viaje por los Estados Unidos en los pr\u00f3ximos d\u00edas, se\u00f1al\u00f3 en la pol\u00edtica no hay un equilibrio y es algo que la sociedad dominicana va a sufrir, porque lo que no est\u00e1 equilibrado termina dando malos frutos.<\/p>\n<p>&nbsp;<\/p>\n","protected":false},"excerpt":{"rendered":"<p>RD-SANTO DOMINGO- El merenguero Jos\u00e9 Virgilio Pe\u00f1a Suazo manifest\u00f3 este viernes que el Plan de Regularizaci\u00f3n no se ha enfocado por donde debe y que lo primero que hay que lograr es que los j\u00f3venes amen su bandera y su cultura. Se\u00f1al\u00f3 que con el tema haitiano \u201ca nosotros, la sociedad internacional nos presiona porque [&hellip;]<\/p>\n","protected":false},"author":8,"featured_media":16964,"comment_status":"open","ping_status":"open","sticky":false,"template":"","format":"standard","meta":{"footnotes":""},"categories":[1,82,44],"tags":[],"class_list":["post-16963","post","type-post","status-publish","format-standard","has-post-thumbnail","hentry","category-entretenimiento","category-opinion","category-republica-dominicana"],"_links":{"self":[{"href":"https:\/\/2horizontes.com\/index.php?rest_route=\/wp\/v2\/posts\/16963","targetHints":{"allow":["GET"]}}],"collection":[{"href":"https:\/\/2horizontes.com\/index.php?rest_route=\/wp\/v2\/posts"}],"about":[{"href":"https:\/\/2horizontes.com\/index.php?rest_route=\/wp\/v2\/types\/post"}],"author":[{"embeddable":true,"href":"https:\/\/2horizontes.com\/index.php?rest_route=\/wp\/v2\/users\/8"}],"replies":[{"embeddable":true,"href":"https:\/\/2horizontes.com\/index.php?rest_route=%2Fwp%2Fv2%2Fcomments&post=16963"}],"version-history":[{"count":1,"href":"https:\/\/2horizontes.com\/index.php?rest_route=\/wp\/v2\/posts\/16963\/revisions"}],"predecessor-version":[{"id":16965,"href":"https:\/\/2horizontes.com\/index.php?rest_route=\/wp\/v2\/posts\/16963\/revisions\/16965"}],"wp:featuredmedia":[{"embeddable":true,"href":"https:\/\/2horizontes.com\/index.php?rest_route=\/wp\/v2\/media\/16964"}],"wp:attachment":[{"href":"https:\/\/2horizontes.com\/index.php?rest_route=%2Fwp%2Fv2%2Fmedia&parent=16963"}],"wp:term":[{"taxonomy":"category","embeddable":true,"href":"https:\/\/2horizontes.com\/index.php?rest_route=%2Fwp%2Fv2%2Fcategories&post=16963"},{"taxonomy":"post_tag","embeddable":true,"href":"https:\/\/2horizontes.com\/index.php?rest_route=%2Fwp%2Fv2%2Ftags&post=16963"}],"curies":[{"name":"wp","href":"https:\/\/api.w.org\/{rel}","templated":true}]}}