{"id":16960,"date":"2015-07-18T01:07:35","date_gmt":"2015-07-18T00:07:35","guid":{"rendered":"http:\/\/2horizontes.com\/?p=16960"},"modified":"2015-07-18T01:07:35","modified_gmt":"2015-07-18T00:07:35","slug":"neumologos-advierten-sobre-enfermedades-pulmonares-y-la-falta-del-sueno","status":"publish","type":"post","link":"https:\/\/2horizontes.com\/?p=16960","title":{"rendered":"Neum\u00f3logos advierten sobre enfermedades pulmonares y la falta del sue\u00f1o"},"content":{"rendered":"<p>La Enfermedad Pulmonar\u00a0Obstructiva Cr\u00f3nica (EPOC), combinada con la Apnea del Sue\u00f1o, se constituyen en la cuarta causa de muerte en el mundo,\u00a0 debido a que por \u00e9stas las personas podr\u00edan contraer c\u00e1ncer pulmonar e insuficiencia respiratoria cr\u00edtica, afirmaron especialistas durante el V Congreso Neumonorte 2015, \u201cPulm\u00f3n y Estilo de Vida\u201d.<\/p>\n<p>Los neum\u00f3logos Juan Carlos V\u00e1squez, Jos\u00e9 Miguel Pichardo y Jos\u00e9 Miguel Stephan, coincidieron en se\u00f1alar, que estas enfermedades est\u00e1n asociadas por el uso abusivo del cigarrillo y la contaminaci\u00f3n ambiental.<\/p>\n<p>El c\u00f3nclave que se celebra del 15 al 18 de este mes de julio, en el hotel Gran Almirante, de Santiago,\u00a0 est\u00e1 dedicado a los doctores\u00a0 Marisol Pe\u00f1a y Zoilo Crespo y es organizado por la Sociedad Dominicana de Neumolog\u00eda y Cirug\u00eda del T\u00f3rax y la Sociedad de Neumon\u00eda del Norte, (NEUMONORTE).<\/p>\n<p>Benjam\u00edn Hern\u00e1ndez, presidente de Neumonorte,\u00a0 al ofrecer las palabras de bienvenida, dijo que este congreso es un compromiso que tiene la entidad con la salud respiratoria de los pacientes.<\/p>\n<p>Mientras que Plutarco Arias, presidente del Congreso, inform\u00f3 que han trabajado para lograr un evento que cumpla con las expectativas y destac\u00f3, asimismo, m\u00e1s de 50 conferencias que habr\u00e1 en el evento.<\/p>\n<p>Jos\u00e9 Miguel Pichardo, al exponer con el tema \u201cEn qu\u00e9 punto nos encontramos y hacia d\u00f3nde vamos\u201d, insisti\u00f3 en que la gente deje de fumar para prevenir el EPOC para prevenir c\u00e1ncer del pulm\u00f3n. Afirm\u00f3 que esta enfermedad afecta mayormente a las personas en edad media, es decir, cuarenta y cincuenta a\u00f1os,\u00a0 que durante su vida han estado expuesto al cigarrillo.<\/p>\n<p>\u201cEs preocupante lo que ocurre \u00a0porque est\u00e1n causando mucha incapacidad en el ser humano, porque le impide trabajar ni disfrutar de las actividades sociales, y lo peor, el riesgo de contraer c\u00e1ncer y muerte prematura\u201d, expres\u00f3 el m\u00e9dico, quien manifest\u00f3 que los costos de los medicamentos para tratar este tipo de patolog\u00eda es muy costoso, por lo que el Estado dominicano deber\u00eda ayudar a costear esos medicamentos.<\/p>\n<p>Juan Carlos V\u00e1squez, especialista mexicano, al abordar el SAHS y s\u00edndrome de Sobre posici\u00f3n, habl\u00f3 del\u00a0 reto que tienen los neum\u00f3logos frente a esa patolog\u00eda.<\/p>\n<p>Dijo que el efecto de dormir sobre la respiraci\u00f3n constituye un riesgo mayor, tras argumentar que esta enfermad provoca insuficiencia respiratoria critica en algunos pacientes, por lo que son mas vulnerable a morir por esta enfermedad.<\/p>\n<p>Por su parte, Jos\u00e9 Miguel Stephan, en su conferencia sobre el s\u00edndrome del EPOC en estadios finales, explic\u00f3 que muchos pacientes mueren porque esta enfermedad la combinan con la Apnea del Sue\u00f1o.<\/p>\n<p>\u201cLa mayor\u00eda no muere con el EPOC,\u00a0 pero a pesar eso es la cuarta causa de muerte en el mundo y es un riesgo de alta mortalidad por la combinaci\u00f3n con otras enfermedades, como con la Apnea del Sue\u00f1o\u201d, agreg\u00f3.<\/p>\n<p>&#8211; See more at: http:\/\/www.elcaribe.com.do\/2015\/07\/17\/neumologos-advierten-sobre-enfermedades-pulmonares-falta-del-sueno#sthash.6tYqpGM2.dpuf<\/p>\n","protected":false},"excerpt":{"rendered":"<p>La Enfermedad Pulmonar\u00a0Obstructiva Cr\u00f3nica (EPOC), combinada con la Apnea del Sue\u00f1o, se constituyen en la cuarta causa de muerte en el mundo,\u00a0 debido a que por \u00e9stas las personas podr\u00edan contraer c\u00e1ncer pulmonar e insuficiencia respiratoria cr\u00edtica, afirmaron especialistas durante el V Congreso Neumonorte 2015, \u201cPulm\u00f3n y Estilo de Vida\u201d. Los neum\u00f3logos Juan Carlos V\u00e1squez, [&hellip;]<\/p>\n","protected":false},"author":8,"featured_media":16961,"comment_status":"open","ping_status":"open","sticky":false,"template":"","format":"standard","meta":{"footnotes":""},"categories":[45],"tags":[],"class_list":["post-16960","post","type-post","status-publish","format-standard","has-post-thumbnail","hentry","category-salud"],"_links":{"self":[{"href":"https:\/\/2horizontes.com\/index.php?rest_route=\/wp\/v2\/posts\/16960","targetHints":{"allow":["GET"]}}],"collection":[{"href":"https:\/\/2horizontes.com\/index.php?rest_route=\/wp\/v2\/posts"}],"about":[{"href":"https:\/\/2horizontes.com\/index.php?rest_route=\/wp\/v2\/types\/post"}],"author":[{"embeddable":true,"href":"https:\/\/2horizontes.com\/index.php?rest_route=\/wp\/v2\/users\/8"}],"replies":[{"embeddable":true,"href":"https:\/\/2horizontes.com\/index.php?rest_route=%2Fwp%2Fv2%2Fcomments&post=16960"}],"version-history":[{"count":1,"href":"https:\/\/2horizontes.com\/index.php?rest_route=\/wp\/v2\/posts\/16960\/revisions"}],"predecessor-version":[{"id":16962,"href":"https:\/\/2horizontes.com\/index.php?rest_route=\/wp\/v2\/posts\/16960\/revisions\/16962"}],"wp:featuredmedia":[{"embeddable":true,"href":"https:\/\/2horizontes.com\/index.php?rest_route=\/wp\/v2\/media\/16961"}],"wp:attachment":[{"href":"https:\/\/2horizontes.com\/index.php?rest_route=%2Fwp%2Fv2%2Fmedia&parent=16960"}],"wp:term":[{"taxonomy":"category","embeddable":true,"href":"https:\/\/2horizontes.com\/index.php?rest_route=%2Fwp%2Fv2%2Fcategories&post=16960"},{"taxonomy":"post_tag","embeddable":true,"href":"https:\/\/2horizontes.com\/index.php?rest_route=%2Fwp%2Fv2%2Ftags&post=16960"}],"curies":[{"name":"wp","href":"https:\/\/api.w.org\/{rel}","templated":true}]}}