{"id":16946,"date":"2015-07-18T00:20:28","date_gmt":"2015-07-17T23:20:28","guid":{"rendered":"http:\/\/2horizontes.com\/?p=16946"},"modified":"2015-07-18T00:20:28","modified_gmt":"2015-07-17T23:20:28","slug":"el-gobierno-dominicano-dice-que-no-hay-acuerdo-para-no-repatriar-a-los-haitianos","status":"publish","type":"post","link":"https:\/\/2horizontes.com\/?p=16946","title":{"rendered":"El Gobierno dominicano dice que no hay acuerdo para no repatriar a los haitianos"},"content":{"rendered":"<p>RD-SANTO DOMINGO- (EFE).- El portavoz del Gobierno, Roberto Rodr\u00edguez Marchena, neg\u00f3 hoy que haya un acuerdo secreto para no repatriar a los extranjeros en condici\u00f3n irregular en Rep\u00fablica Dominicana, \u201ctal y como denunciara la Fuerza Nacional Progresista en declaraciones atribuidas a Luis Almagro, secretario general de la OEA\u201d, seg\u00fan un nota ofrecida hoy por la presidencia.<\/p>\n<p>En el comunicado la presidencia se\u00f1ala que el portavoz y director general de Comunicaci\u00f3n del gobierno dominicano fue entrevistado hoy v\u00eda telef\u00f3nica por el peri\u00f3dico El Nacional y difunde sus palabras pronunciadas en la conversaci\u00f3n con el diario, que public\u00f3 esta tarde.<\/p>\n<p>En su entrevista, seg\u00fan presidencia, Rodriguez Marchena afirma que el Plan Nacional de Regularizaci\u00f3n de Extranjeros es parte de un proceso planificado y que terminada la inscripci\u00f3n de los extranjeros en el mencionado plan ahora se est\u00e1 en la entrega de carn\u00e9s, que hoy se realiza en el Gran Santo Domingo, Santiago, Puerto Plata y otras ciudades.<\/p>\n<p>\u201cEl gobierno de Rep\u00fablica Dominicana quiere evitar cometer errores, entonces vamos a avanzar en este proceso de entrega de carn\u00e9s, esa es una pol\u00edtica definida con much\u00edsima antelaci\u00f3n por el propio presidente, Danilo Medina, y es una decisi\u00f3n soberana del Gobierno\u201d, argument\u00f3 en la entrevista.<\/p>\n<p>\u201cNo es verdad que Rep\u00fablica Dominicana haya negociado nada, es una pol\u00edtica definida que terminado el plazo de inscripci\u00f3n corresponde entonces la entrega de carn\u00e9s\u201d, precis\u00f3.<\/p>\n<p>Rodr\u00edguez Marchena denunci\u00f3 que cada d\u00eda siguen entrando a territorio dominicano haitianos que huyen a la situaci\u00f3n que viven en su pa\u00eds debido a que el Gobierno de la vecina naci\u00f3n ha sido incapaz de crear pol\u00edticas p\u00fablicas.<\/p>\n<p>Argument\u00f3 que esa situaci\u00f3n impide en Hait\u00ed la generaci\u00f3n de empleos y que llegue la\u00a0<a class=\"cfdgnjpyuo\" style=\"background-color: transparent;color: #db9a21;text-decoration: none\" title=\"Click to Continue &gt; by TheAdBlock\" href=\"http:\/\/almomento.net\/el-gobierno-dominicano-dice-que-no-hay-acuerdo-para-no-repatriar-a-inmigrantes\/118888#84866753\">inversi\u00f3n<\/a>\u00a0extranjera que permita que los hijos de sus ciudadanos puedan acceder a la educaci\u00f3n y la salud.<\/p>\n<p>Asegur\u00f3 que esta situaci\u00f3n provoca que los haitianos huyan hacia Rep\u00fablica Dominicana sin que siquiera tengan documentos, porque el gobierno haitiano \u201cha sido incapaz\u201d de documentar a sus ciudadanos en su territorio.<\/p>\n<p>\u201cEntonces nuestras Fuerzas Armadas, a trav\u00e9s del Cesfront y la Direcci\u00f3n de Migraci\u00f3n, todos los d\u00edas devuelven personas, todos los d\u00edas, eso es permanente, personas que entran al pa\u00eds de manera irregular, por un monte, es devuelto\u201d, dijo.<\/p>\n<p>Sostiene que en la actualidad no existen condiciones para que se produzca un di\u00e1logo entre el pa\u00eds y Hait\u00ed, debido a que las autoridades de la vecina naci\u00f3n tienen en su agenda internacional da\u00f1ar la imagen de Rep\u00fablica Dominicana.<\/p>\n<p>Puntualiza tambi\u00e9n que para que este di\u00e1logo se produzca entre ambas naciones, Hait\u00ed tiene que adoptar una actitud serena, tranquila y reconocer la verdad.<\/p>\n<p>\u201cD\u00f3nde est\u00e1 la verdad, en lo que ha dicho Rep\u00fablica Dominicana, nosotros estamos diciendo permanentemente la verdad, entonces en medio de esta campa\u00f1a internacional que tiene el Gobierno de Hait\u00ed, que quiere evadir su enorme irresponsabilidad frente a su pueblo y quiero insistir, irresponsabilidad frente a su pueblo, entonces quiere encontrar en Rep\u00fablica Dominicana un chivo expiatorio para evitar darle explicaciones a su pueblo\u201d, se\u00f1al\u00f3.<\/p>\n<p>Dijo que el Gobierno haitiano deber\u00eda estar explicando a su pueblo por qu\u00e9 sus ciudadanos \u201cest\u00e1n huyendo despavoridos de Hait\u00ed a nuestro pa\u00eds debido a la falta de pol\u00edticas\u201d.<\/p>\n<p>Sostiene que el Gobierno haitiano con su \u201cirresponsabilidad\u201d le est\u00e1 \u201chaciendo da\u00f1o\u201d a Rep\u00fablica Dominicana, debido a que \u201cle est\u00e1 creando una presi\u00f3n migratoria que es insostenible\u201d. EFE<\/p>\n","protected":false},"excerpt":{"rendered":"<p>RD-SANTO DOMINGO- (EFE).- El portavoz del Gobierno, Roberto Rodr\u00edguez Marchena, neg\u00f3 hoy que haya un acuerdo secreto para no repatriar a los extranjeros en condici\u00f3n irregular en Rep\u00fablica Dominicana, \u201ctal y como denunciara la Fuerza Nacional Progresista en declaraciones atribuidas a Luis Almagro, secretario general de la OEA\u201d, seg\u00fan un nota ofrecida hoy por la [&hellip;]<\/p>\n","protected":false},"author":8,"featured_media":16947,"comment_status":"open","ping_status":"open","sticky":false,"template":"","format":"standard","meta":{"footnotes":""},"categories":[44],"tags":[],"class_list":["post-16946","post","type-post","status-publish","format-standard","has-post-thumbnail","hentry","category-republica-dominicana"],"_links":{"self":[{"href":"https:\/\/2horizontes.com\/index.php?rest_route=\/wp\/v2\/posts\/16946","targetHints":{"allow":["GET"]}}],"collection":[{"href":"https:\/\/2horizontes.com\/index.php?rest_route=\/wp\/v2\/posts"}],"about":[{"href":"https:\/\/2horizontes.com\/index.php?rest_route=\/wp\/v2\/types\/post"}],"author":[{"embeddable":true,"href":"https:\/\/2horizontes.com\/index.php?rest_route=\/wp\/v2\/users\/8"}],"replies":[{"embeddable":true,"href":"https:\/\/2horizontes.com\/index.php?rest_route=%2Fwp%2Fv2%2Fcomments&post=16946"}],"version-history":[{"count":1,"href":"https:\/\/2horizontes.com\/index.php?rest_route=\/wp\/v2\/posts\/16946\/revisions"}],"predecessor-version":[{"id":16948,"href":"https:\/\/2horizontes.com\/index.php?rest_route=\/wp\/v2\/posts\/16946\/revisions\/16948"}],"wp:featuredmedia":[{"embeddable":true,"href":"https:\/\/2horizontes.com\/index.php?rest_route=\/wp\/v2\/media\/16947"}],"wp:attachment":[{"href":"https:\/\/2horizontes.com\/index.php?rest_route=%2Fwp%2Fv2%2Fmedia&parent=16946"}],"wp:term":[{"taxonomy":"category","embeddable":true,"href":"https:\/\/2horizontes.com\/index.php?rest_route=%2Fwp%2Fv2%2Fcategories&post=16946"},{"taxonomy":"post_tag","embeddable":true,"href":"https:\/\/2horizontes.com\/index.php?rest_route=%2Fwp%2Fv2%2Ftags&post=16946"}],"curies":[{"name":"wp","href":"https:\/\/api.w.org\/{rel}","templated":true}]}}