{"id":16911,"date":"2015-07-17T19:00:14","date_gmt":"2015-07-17T18:00:14","guid":{"rendered":"http:\/\/2horizontes.com\/?p=16911"},"modified":"2015-07-17T19:00:14","modified_gmt":"2015-07-17T18:00:14","slug":"primaveral-villa-mella-en-huelga-por-4-dias-sin-luz","status":"publish","type":"post","link":"https:\/\/2horizontes.com\/?p=16911","title":{"rendered":"PRIMAVERAL VILLA MELLA EN HUELGA POR 4 DIAS SIN LUZ"},"content":{"rendered":"<p>RD- PRIMAVERAL DE VILLA MELLA- Tras 4 d\u00edas sin luz , los residentes de la Urbanizaci\u00f3n Primaveral de Villa Mella, han tomado las calles principales del sector y la avenida Hermanas Mirabal.<\/p>\n<p>Quemando neum\u00e1ticos, tirando basura a las calles y pedradas a los veh\u00edculos han decidido reclamar sus derechos, ya que, \u00a0toda la Urbanizaci\u00f3n paga su luz afirmo jose suazo residente en el sector.<\/p>\n<p>Los due\u00f1os de negocios y empleado de los mismos, aseguran que \u00a0han perdido mucho dinero porque sin luz se da\u00f1an todos los productos que necesitan ser refrigerados.<\/p>\n<p>Advierten que si no se re-establece hoy el servicio El\u00e9ctrico hoy las protestas ser\u00e1n mas fuertes y quemaran la cede de EDENORTE, afirmo uno de los residentes protestante.<\/p>\n<p>La zona esta total mente militarizada por cualquier evento o problema mayor que pueda pasar.<\/p>\n","protected":false},"excerpt":{"rendered":"<p>RD- PRIMAVERAL DE VILLA MELLA- Tras 4 d\u00edas sin luz , los residentes de la Urbanizaci\u00f3n Primaveral de Villa Mella, han tomado las calles principales del sector y la avenida Hermanas Mirabal. Quemando neum\u00e1ticos, tirando basura a las calles y pedradas a los veh\u00edculos han decidido reclamar sus derechos, ya que, \u00a0toda la Urbanizaci\u00f3n paga [&hellip;]<\/p>\n","protected":false},"author":8,"featured_media":16912,"comment_status":"open","ping_status":"open","sticky":false,"template":"","format":"standard","meta":{"footnotes":""},"categories":[44],"tags":[],"class_list":["post-16911","post","type-post","status-publish","format-standard","has-post-thumbnail","hentry","category-republica-dominicana"],"_links":{"self":[{"href":"https:\/\/2horizontes.com\/index.php?rest_route=\/wp\/v2\/posts\/16911","targetHints":{"allow":["GET"]}}],"collection":[{"href":"https:\/\/2horizontes.com\/index.php?rest_route=\/wp\/v2\/posts"}],"about":[{"href":"https:\/\/2horizontes.com\/index.php?rest_route=\/wp\/v2\/types\/post"}],"author":[{"embeddable":true,"href":"https:\/\/2horizontes.com\/index.php?rest_route=\/wp\/v2\/users\/8"}],"replies":[{"embeddable":true,"href":"https:\/\/2horizontes.com\/index.php?rest_route=%2Fwp%2Fv2%2Fcomments&post=16911"}],"version-history":[{"count":1,"href":"https:\/\/2horizontes.com\/index.php?rest_route=\/wp\/v2\/posts\/16911\/revisions"}],"predecessor-version":[{"id":16913,"href":"https:\/\/2horizontes.com\/index.php?rest_route=\/wp\/v2\/posts\/16911\/revisions\/16913"}],"wp:featuredmedia":[{"embeddable":true,"href":"https:\/\/2horizontes.com\/index.php?rest_route=\/wp\/v2\/media\/16912"}],"wp:attachment":[{"href":"https:\/\/2horizontes.com\/index.php?rest_route=%2Fwp%2Fv2%2Fmedia&parent=16911"}],"wp:term":[{"taxonomy":"category","embeddable":true,"href":"https:\/\/2horizontes.com\/index.php?rest_route=%2Fwp%2Fv2%2Fcategories&post=16911"},{"taxonomy":"post_tag","embeddable":true,"href":"https:\/\/2horizontes.com\/index.php?rest_route=%2Fwp%2Fv2%2Ftags&post=16911"}],"curies":[{"name":"wp","href":"https:\/\/api.w.org\/{rel}","templated":true}]}}