{"id":16819,"date":"2015-07-17T14:07:08","date_gmt":"2015-07-17T13:07:08","guid":{"rendered":"http:\/\/2horizontes.com\/?p=16819"},"modified":"2015-07-17T14:07:08","modified_gmt":"2015-07-17T13:07:08","slug":"fiscalia-abre-investigacion-penal-a-lula-por-supuesto-trafico-de-influencias","status":"publish","type":"post","link":"https:\/\/2horizontes.com\/?p=16819","title":{"rendered":"Fiscal\u00eda abre investigaci\u00f3n penal a Lula por supuesto tr\u00e1fico de influencias"},"content":{"rendered":"<div id=\"ArticleAuthorDiv\" class=\"article-body-author\"><b>EFE<\/b><\/div>\n<div id=\"ArticleSourceDiv\" class=\"article-body-author\"><b>Brasilia<\/b><\/div>\n<div id=\"ArticleBody\">\n<p>El Ministerio P\u00fablico Federal de Brasil abri\u00f3 una investigaci\u00f3n penal contra el expresidente Luiz In\u00e1cio Lula da Silva para averiguar si incurri\u00f3 en un delito de tr\u00e1fico de influencias para favorecer a una constructora, informaron hoy fuentes oficiales.<\/p>\n<p>Lula es investigado por supuestamente haber influido en el estatal Banco Nacional de Desarrollo Econ\u00f3mico y Social (BNDES), despu\u00e9s de haber concluido su mandato, para que le concediera cr\u00e9ditos a la constructora Odebrecht destinados a la financiaci\u00f3n de obras en otros pa\u00edses latinoamericanos y africanos en los que opera.<\/p>\n<p>Seg\u00fan la Fiscal\u00eda, tras dejar la Presidencia en enero de 2011, Lula realiz\u00f3 viajes a Panam\u00e1, Venezuela, Rep\u00fablica Dominicana y Ghana costeados por Odebrecht.<\/p>\n<p>Las indagaciones preliminares de la Fiscal\u00eda comenzaron el pasado abril y se concretaron la semana pasada con la apertura de un llamado \u00abproceso de investigaci\u00f3n penal\u00bb.<\/p>\n<p>El caso fue destapado el pasado mayo por la revista \u00c9poca, seg\u00fan la cual Odebrecht recibi\u00f3 del BNDES cr\u00e9ditos por cerca de 4,1 millones de d\u00f3lares para obras en Rep\u00fablica Dominicana, Venezuela, Cuba y Ghana.<\/p>\n<p>El Instituto Lula, que representa al exgobernante, afirm\u00f3 haber recibido \u00abcon sorpresa\u00bb la noticia de la apertura de la investigaci\u00f3n.<\/p>\n<p>El organismo asegur\u00f3 que entreg\u00f3 todas las informaciones solicitadas por la fiscal Mirella de Carvalho Aguiar, responsable del caso, y valor\u00f3 que la funcionaria tuvo \u00abpoco tiempo\u00bb para analizar el material.<\/p>\n<p>En un comunicado dirigido a medios locales, el Instituto Lula manifest\u00f3 que \u00abtendr\u00e1 oportunidad de comprobar la legalidad y la decencia\u00bb de todas sus actividades.<\/p>\n<p>Cuando se aire\u00f3 el caso en mayo, Odebrecht neg\u00f3 que Lula haya trabajado como consultor para ellos, aunque admiti\u00f3 que le pag\u00f3 viajes a la Rep\u00fablica Dominicana y Ghana en 2013 para dar conferencias sobre \u00ablas potencialidades de Brasil y de sus empresas\u00bb.<\/p>\n<\/div>\n","protected":false},"excerpt":{"rendered":"<p>EFE Brasilia El Ministerio P\u00fablico Federal de Brasil abri\u00f3 una investigaci\u00f3n penal contra el expresidente Luiz In\u00e1cio Lula da Silva para averiguar si incurri\u00f3 en un delito de tr\u00e1fico de influencias para favorecer a una constructora, informaron hoy fuentes oficiales. Lula es investigado por supuestamente haber influido en el estatal Banco Nacional de Desarrollo Econ\u00f3mico [&hellip;]<\/p>\n","protected":false},"author":7,"featured_media":16820,"comment_status":"open","ping_status":"open","sticky":false,"template":"","format":"standard","meta":{"footnotes":""},"categories":[40,43],"tags":[],"class_list":["post-16819","post","type-post","status-publish","format-standard","has-post-thumbnail","hentry","category-internacionales","category-politica"],"_links":{"self":[{"href":"https:\/\/2horizontes.com\/index.php?rest_route=\/wp\/v2\/posts\/16819","targetHints":{"allow":["GET"]}}],"collection":[{"href":"https:\/\/2horizontes.com\/index.php?rest_route=\/wp\/v2\/posts"}],"about":[{"href":"https:\/\/2horizontes.com\/index.php?rest_route=\/wp\/v2\/types\/post"}],"author":[{"embeddable":true,"href":"https:\/\/2horizontes.com\/index.php?rest_route=\/wp\/v2\/users\/7"}],"replies":[{"embeddable":true,"href":"https:\/\/2horizontes.com\/index.php?rest_route=%2Fwp%2Fv2%2Fcomments&post=16819"}],"version-history":[{"count":1,"href":"https:\/\/2horizontes.com\/index.php?rest_route=\/wp\/v2\/posts\/16819\/revisions"}],"predecessor-version":[{"id":16821,"href":"https:\/\/2horizontes.com\/index.php?rest_route=\/wp\/v2\/posts\/16819\/revisions\/16821"}],"wp:featuredmedia":[{"embeddable":true,"href":"https:\/\/2horizontes.com\/index.php?rest_route=\/wp\/v2\/media\/16820"}],"wp:attachment":[{"href":"https:\/\/2horizontes.com\/index.php?rest_route=%2Fwp%2Fv2%2Fmedia&parent=16819"}],"wp:term":[{"taxonomy":"category","embeddable":true,"href":"https:\/\/2horizontes.com\/index.php?rest_route=%2Fwp%2Fv2%2Fcategories&post=16819"},{"taxonomy":"post_tag","embeddable":true,"href":"https:\/\/2horizontes.com\/index.php?rest_route=%2Fwp%2Fv2%2Ftags&post=16819"}],"curies":[{"name":"wp","href":"https:\/\/api.w.org\/{rel}","templated":true}]}}