{"id":168,"date":"2014-04-02T15:35:37","date_gmt":"2014-04-02T15:35:37","guid":{"rendered":"http:\/\/2horizontes.com\/?p=168"},"modified":"2014-04-02T15:36:10","modified_gmt":"2014-04-02T15:36:10","slug":"cristian-castro-agradece-a-ricky-martin-salir-del-closet","status":"publish","type":"post","link":"https:\/\/2horizontes.com\/?p=168","title":{"rendered":"CRISTIAN CASTRO AGRADECE A RICKY MARTIN \u00abSALIR DEL CLOSET\u201d"},"content":{"rendered":"<p><span class=\"userContent\">M\u00e9xico.- Cristian Ca<\/span><span class=\"userContent\"><span class=\"text_exposed_show\"><a href=\"http:\/\/2horizontes.com\/wp-content\/uploads\/2014\/04\/cristian.jpg\"><img loading=\"lazy\" decoding=\"async\" class=\"alignleft size-medium wp-image-169\" alt=\"cristian\" src=\"http:\/\/2horizontes.com\/wp-content\/uploads\/2014\/04\/cristian-300x200.jpg\" width=\"300\" height=\"200\" srcset=\"https:\/\/2horizontes.com\/wp-content\/uploads\/2014\/04\/cristian-300x200.jpg 300w, https:\/\/2horizontes.com\/wp-content\/uploads\/2014\/04\/cristian-510x340.jpg 510w, https:\/\/2horizontes.com\/wp-content\/uploads\/2014\/04\/cristian.jpg 600w\" sizes=\"auto, (max-width: 300px) 100vw, 300px\" \/><\/a><\/span><\/span><span class=\"userContent\">stro ha dado de que hablar en las \u00faltimas publicaciones que ha hecho en las redes sociales. Pero, esta vez el cantante mexicano ha colgado una foto su cuenta Tw<span class=\"text_exposed_show\">itter @CristianCastro en la que aparece vestido de mujer.<br \/>\n<\/span><\/span><br \/>\n<span class=\"userContent\"><span class=\"text_exposed_show\">\u00a0La foto iba acompa\u00f1ada por el siguiente mensaje: \u00abAyer por fin pude sal\u00edr del closet !!!!! Gracias a ti Ricky !!!!!! Bendito&#8230; tu relato fue detonador !!!!!!!!\u00bb.<\/span><\/span><\/p>\n<p>Seg\u00fan el peri\u00f3dico digital El Universal refiere que el artista utiliz\u00f3 este atuendo para la grabaci\u00f3n de un videoclip con los grupos Coda y Genitallica, en el cual Christian particip\u00f3 caracterizado en una parte como director de cine y en otro momento, vestido y maquillado como una mujer.<br \/>\nK\/J<\/p>\n","protected":false},"excerpt":{"rendered":"<p>M\u00e9xico.- Cristian Castro ha dado de que hablar en las \u00faltimas publicaciones que ha hecho en las redes sociales. Pero, esta vez el cantante mexicano ha colgado una foto su cuenta Twitter @CristianCastro en la que aparece vestido de mujer. \u00a0La foto iba acompa\u00f1ada por el siguiente mensaje: \u00abAyer por fin pude sal\u00edr del closet [&hellip;]<\/p>\n","protected":false},"author":1,"featured_media":0,"comment_status":"open","ping_status":"open","sticky":false,"template":"","format":"standard","meta":{"footnotes":""},"categories":[1],"tags":[],"class_list":["post-168","post","type-post","status-publish","format-standard","hentry","category-entretenimiento"],"_links":{"self":[{"href":"https:\/\/2horizontes.com\/index.php?rest_route=\/wp\/v2\/posts\/168","targetHints":{"allow":["GET"]}}],"collection":[{"href":"https:\/\/2horizontes.com\/index.php?rest_route=\/wp\/v2\/posts"}],"about":[{"href":"https:\/\/2horizontes.com\/index.php?rest_route=\/wp\/v2\/types\/post"}],"author":[{"embeddable":true,"href":"https:\/\/2horizontes.com\/index.php?rest_route=\/wp\/v2\/users\/1"}],"replies":[{"embeddable":true,"href":"https:\/\/2horizontes.com\/index.php?rest_route=%2Fwp%2Fv2%2Fcomments&post=168"}],"version-history":[{"count":2,"href":"https:\/\/2horizontes.com\/index.php?rest_route=\/wp\/v2\/posts\/168\/revisions"}],"predecessor-version":[{"id":171,"href":"https:\/\/2horizontes.com\/index.php?rest_route=\/wp\/v2\/posts\/168\/revisions\/171"}],"wp:attachment":[{"href":"https:\/\/2horizontes.com\/index.php?rest_route=%2Fwp%2Fv2%2Fmedia&parent=168"}],"wp:term":[{"taxonomy":"category","embeddable":true,"href":"https:\/\/2horizontes.com\/index.php?rest_route=%2Fwp%2Fv2%2Fcategories&post=168"},{"taxonomy":"post_tag","embeddable":true,"href":"https:\/\/2horizontes.com\/index.php?rest_route=%2Fwp%2Fv2%2Ftags&post=168"}],"curies":[{"name":"wp","href":"https:\/\/api.w.org\/{rel}","templated":true}]}}