{"id":16774,"date":"2015-07-16T21:33:55","date_gmt":"2015-07-16T20:33:55","guid":{"rendered":"http:\/\/2horizontes.com\/?p=16774"},"modified":"2015-07-16T21:33:55","modified_gmt":"2015-07-16T20:33:55","slug":"critican-a-david-guetta-por-presentar-caballos-en-sus-shows","status":"publish","type":"post","link":"https:\/\/2horizontes.com\/?p=16774","title":{"rendered":"CRITICAN A DAVID GUETTA POR PRESENTAR CABALLOS EN SUS SHOWS"},"content":{"rendered":"<p>Pese a que es uno de los DJs m\u00e1s exitosos de los \u00faltimos tiempos, David Guetta ha levantado pol\u00e9mica debido a que durante su presentaci\u00f3n en mayo en Pacha Ibiza se apreciaron personas montadas en caballos, algo que no fue del agrado de algunos de sus fans ni de los defensores de los animales, quienes iniciaron una campa\u00f1a para evitar que esto se repita.<\/p>\n<p>Guetta se presentar\u00e1 nuevamente en dicho lugar y se corri\u00f3 el rumor de que repetir\u00eda el mismo acto, llamado \u00abF**k me I&#8217;m famous\u00bb y cuenta con un caballo, por lo que las personas que estaban en contra iniciaron una petici\u00f3n a trav\u00e9s de Care2 para evitar que suceda, hasta el momento ya son m\u00e1s de siete mil personas que se oponen y han firmado el documento.<\/p>\n<p>El caballo tiene que entrar al gran sal\u00f3n de Pach\u00e1 sobre las 4:00 am, con una multitud de gente, borracha y drogada, sudando y gritando. (&#8230;) Es irresponsable poner a un caballo en un club nocturno y someterlo a tanta tensi\u00f3n\u00bb, se lee en la petici\u00f3n.<\/p>\n<p>Adem\u00e1s hay algunos colegas del m\u00fasico franc\u00e9s que tambi\u00e9n lo criticaron, uno de ellos fue DeadMau5, quien escribi\u00f3 en Twitter: \u00abLos caballos pertenecen a las granjas, no a una discoteca sobrevalorada para que sea objeto de un DJ al que se le paga en exceso\u00bb.<\/p>\n","protected":false},"excerpt":{"rendered":"<p>Pese a que es uno de los DJs m\u00e1s exitosos de los \u00faltimos tiempos, David Guetta ha levantado pol\u00e9mica debido a que durante su presentaci\u00f3n en mayo en Pacha Ibiza se apreciaron personas montadas en caballos, algo que no fue del agrado de algunos de sus fans ni de los defensores de los animales, quienes [&hellip;]<\/p>\n","protected":false},"author":3,"featured_media":16775,"comment_status":"open","ping_status":"open","sticky":false,"template":"","format":"standard","meta":{"footnotes":""},"categories":[1],"tags":[],"class_list":["post-16774","post","type-post","status-publish","format-standard","has-post-thumbnail","hentry","category-entretenimiento"],"_links":{"self":[{"href":"https:\/\/2horizontes.com\/index.php?rest_route=\/wp\/v2\/posts\/16774","targetHints":{"allow":["GET"]}}],"collection":[{"href":"https:\/\/2horizontes.com\/index.php?rest_route=\/wp\/v2\/posts"}],"about":[{"href":"https:\/\/2horizontes.com\/index.php?rest_route=\/wp\/v2\/types\/post"}],"author":[{"embeddable":true,"href":"https:\/\/2horizontes.com\/index.php?rest_route=\/wp\/v2\/users\/3"}],"replies":[{"embeddable":true,"href":"https:\/\/2horizontes.com\/index.php?rest_route=%2Fwp%2Fv2%2Fcomments&post=16774"}],"version-history":[{"count":1,"href":"https:\/\/2horizontes.com\/index.php?rest_route=\/wp\/v2\/posts\/16774\/revisions"}],"predecessor-version":[{"id":16776,"href":"https:\/\/2horizontes.com\/index.php?rest_route=\/wp\/v2\/posts\/16774\/revisions\/16776"}],"wp:featuredmedia":[{"embeddable":true,"href":"https:\/\/2horizontes.com\/index.php?rest_route=\/wp\/v2\/media\/16775"}],"wp:attachment":[{"href":"https:\/\/2horizontes.com\/index.php?rest_route=%2Fwp%2Fv2%2Fmedia&parent=16774"}],"wp:term":[{"taxonomy":"category","embeddable":true,"href":"https:\/\/2horizontes.com\/index.php?rest_route=%2Fwp%2Fv2%2Fcategories&post=16774"},{"taxonomy":"post_tag","embeddable":true,"href":"https:\/\/2horizontes.com\/index.php?rest_route=%2Fwp%2Fv2%2Ftags&post=16774"}],"curies":[{"name":"wp","href":"https:\/\/api.w.org\/{rel}","templated":true}]}}