{"id":16618,"date":"2015-07-15T14:40:03","date_gmt":"2015-07-15T13:40:03","guid":{"rendered":"http:\/\/2horizontes.com\/?p=16618"},"modified":"2015-07-15T14:41:18","modified_gmt":"2015-07-15T13:41:18","slug":"sofia-vergara-causa-controversia-en-las-redes-sociales-al-decir-que-se-sie","status":"publish","type":"post","link":"https:\/\/2horizontes.com\/?p=16618","title":{"rendered":"Sof\u00eda Vergara causa controversia en las redes sociales"},"content":{"rendered":"<p>La actriz colombiana public\u00f3 una foto en su cuenta de Instagram durante una sesi\u00f3n de fotos, en la cual mencion\u00f3 que se sent\u00eda un poco m\u00e1s gorda de lo normal y eso gracias a toda la torta de cumplea\u00f1os que se comi\u00f3 durante el fin de semana.<\/p>\n<p>Despu\u00e9s de que Sof\u00eda publicar\u00e1 la foto, le llegaron comentarios de sus seguidores, algunos alagaban su figura mientras otros la criticaban por decir que estaba gorda.<\/p>\n<p>\u201cMe molesta cuando una mujer guapa y delgada dice que est\u00e1 gorda\u201d coment\u00f3 una seguirdora. \u201c\u00bfEstas bromeando verdad?\u201d agreg\u00f3 otra. Una seguidora tambi\u00e9n hizo el comentario de un supuesto embarazo de la actriz.<\/p>\n<p>Sin embargo otros halagaron la figura de la barranquillera, dej\u00e1ndole comentarios de admiraci\u00f3n y cari\u00f1o.<\/p>\n","protected":false},"excerpt":{"rendered":"<p>La actriz colombiana public\u00f3 una foto en su cuenta de Instagram durante una sesi\u00f3n de fotos, en la cual mencion\u00f3 que se sent\u00eda un poco m\u00e1s gorda de lo normal y eso gracias a toda la torta de cumplea\u00f1os que se comi\u00f3 durante el fin de semana. Despu\u00e9s de que Sof\u00eda publicar\u00e1 la foto, le [&hellip;]<\/p>\n","protected":false},"author":3,"featured_media":16619,"comment_status":"open","ping_status":"open","sticky":false,"template":"","format":"standard","meta":{"footnotes":""},"categories":[1],"tags":[],"class_list":["post-16618","post","type-post","status-publish","format-standard","has-post-thumbnail","hentry","category-entretenimiento"],"_links":{"self":[{"href":"https:\/\/2horizontes.com\/index.php?rest_route=\/wp\/v2\/posts\/16618","targetHints":{"allow":["GET"]}}],"collection":[{"href":"https:\/\/2horizontes.com\/index.php?rest_route=\/wp\/v2\/posts"}],"about":[{"href":"https:\/\/2horizontes.com\/index.php?rest_route=\/wp\/v2\/types\/post"}],"author":[{"embeddable":true,"href":"https:\/\/2horizontes.com\/index.php?rest_route=\/wp\/v2\/users\/3"}],"replies":[{"embeddable":true,"href":"https:\/\/2horizontes.com\/index.php?rest_route=%2Fwp%2Fv2%2Fcomments&post=16618"}],"version-history":[{"count":2,"href":"https:\/\/2horizontes.com\/index.php?rest_route=\/wp\/v2\/posts\/16618\/revisions"}],"predecessor-version":[{"id":16621,"href":"https:\/\/2horizontes.com\/index.php?rest_route=\/wp\/v2\/posts\/16618\/revisions\/16621"}],"wp:featuredmedia":[{"embeddable":true,"href":"https:\/\/2horizontes.com\/index.php?rest_route=\/wp\/v2\/media\/16619"}],"wp:attachment":[{"href":"https:\/\/2horizontes.com\/index.php?rest_route=%2Fwp%2Fv2%2Fmedia&parent=16618"}],"wp:term":[{"taxonomy":"category","embeddable":true,"href":"https:\/\/2horizontes.com\/index.php?rest_route=%2Fwp%2Fv2%2Fcategories&post=16618"},{"taxonomy":"post_tag","embeddable":true,"href":"https:\/\/2horizontes.com\/index.php?rest_route=%2Fwp%2Fv2%2Ftags&post=16618"}],"curies":[{"name":"wp","href":"https:\/\/api.w.org\/{rel}","templated":true}]}}