{"id":16584,"date":"2015-07-15T13:21:39","date_gmt":"2015-07-15T12:21:39","guid":{"rendered":"http:\/\/2horizontes.com\/?p=16584"},"modified":"2015-07-15T13:24:18","modified_gmt":"2015-07-15T12:24:18","slug":"mi-papa-no-murio-de-cancer-sino-de-los-golpes-que-le-dio-la-vida-hijo-de-joan-sebastian","status":"publish","type":"post","link":"https:\/\/2horizontes.com\/?p=16584","title":{"rendered":"Mi pap\u00e1 no muri\u00f3 de c\u00e1ncer sino de los golpes que le dio la vida"},"content":{"rendered":"<p>Miles de voces en Latinoam\u00e9rica lamentan la muerte del cantante mexicano, Joan Sebastian, quien falleci\u00f3 el lunes a causa de un c\u00e1ncer de huesos que padec\u00eda desde 1999 y que reapareci\u00f3 en 2013.<\/p>\n<p>Jos\u00e9 Manuel Figueroa, su hijo y quien lleva el nombre real del artista, escribi\u00f3 a trav\u00e9s de su cuenta en Twitter que la muerte de su padre no fue producto del c\u00e1ncer que ten\u00eda.<\/p>\n<p>Mi papa no muri\u00f3 de Cancer, muri\u00f3 de los golpes que le dio la vida en el coraz\u00f3n.<\/p>\n","protected":false},"excerpt":{"rendered":"<p>Miles de voces en Latinoam\u00e9rica lamentan la muerte del cantante mexicano, Joan Sebastian, quien falleci\u00f3 el lunes a causa de un c\u00e1ncer de huesos que padec\u00eda desde 1999 y que reapareci\u00f3 en 2013. Jos\u00e9 Manuel Figueroa, su hijo y quien lleva el nombre real del artista, escribi\u00f3 a trav\u00e9s de su cuenta en Twitter que [&hellip;]<\/p>\n","protected":false},"author":3,"featured_media":16585,"comment_status":"open","ping_status":"open","sticky":false,"template":"","format":"standard","meta":{"footnotes":""},"categories":[1],"tags":[],"class_list":["post-16584","post","type-post","status-publish","format-standard","has-post-thumbnail","hentry","category-entretenimiento"],"_links":{"self":[{"href":"https:\/\/2horizontes.com\/index.php?rest_route=\/wp\/v2\/posts\/16584","targetHints":{"allow":["GET"]}}],"collection":[{"href":"https:\/\/2horizontes.com\/index.php?rest_route=\/wp\/v2\/posts"}],"about":[{"href":"https:\/\/2horizontes.com\/index.php?rest_route=\/wp\/v2\/types\/post"}],"author":[{"embeddable":true,"href":"https:\/\/2horizontes.com\/index.php?rest_route=\/wp\/v2\/users\/3"}],"replies":[{"embeddable":true,"href":"https:\/\/2horizontes.com\/index.php?rest_route=%2Fwp%2Fv2%2Fcomments&post=16584"}],"version-history":[{"count":3,"href":"https:\/\/2horizontes.com\/index.php?rest_route=\/wp\/v2\/posts\/16584\/revisions"}],"predecessor-version":[{"id":16588,"href":"https:\/\/2horizontes.com\/index.php?rest_route=\/wp\/v2\/posts\/16584\/revisions\/16588"}],"wp:featuredmedia":[{"embeddable":true,"href":"https:\/\/2horizontes.com\/index.php?rest_route=\/wp\/v2\/media\/16585"}],"wp:attachment":[{"href":"https:\/\/2horizontes.com\/index.php?rest_route=%2Fwp%2Fv2%2Fmedia&parent=16584"}],"wp:term":[{"taxonomy":"category","embeddable":true,"href":"https:\/\/2horizontes.com\/index.php?rest_route=%2Fwp%2Fv2%2Fcategories&post=16584"},{"taxonomy":"post_tag","embeddable":true,"href":"https:\/\/2horizontes.com\/index.php?rest_route=%2Fwp%2Fv2%2Ftags&post=16584"}],"curies":[{"name":"wp","href":"https:\/\/api.w.org\/{rel}","templated":true}]}}