{"id":1654,"date":"2014-07-14T01:35:37","date_gmt":"2014-07-14T01:35:37","guid":{"rendered":"http:\/\/2horizontes.com\/?p=1654"},"modified":"2014-07-14T01:38:20","modified_gmt":"2014-07-14T01:38:20","slug":"pedro-sanchez-elegido-como-secretario-general-del-psoe-promete-unidad","status":"publish","type":"post","link":"https:\/\/2horizontes.com\/?p=1654","title":{"rendered":"Pedro S\u00e1nchez elegido secretario general del PSOE promete unidad"},"content":{"rendered":"<div class=\"fuenteorigen\"><span class=\"fuente\">EFE<\/span> .- <a href=\"http:\/\/2horizontes.com\/wp-content\/uploads\/2014\/07\/pedro-sanchez-psoe.jpg\"><img loading=\"lazy\" decoding=\"async\" class=\"alignleft size-medium wp-image-1655\" src=\"http:\/\/2horizontes.com\/wp-content\/uploads\/2014\/07\/pedro-sanchez-psoe-300x200.jpg\" alt=\"pedro sanchez psoe\" width=\"300\" height=\"200\" srcset=\"https:\/\/2horizontes.com\/wp-content\/uploads\/2014\/07\/pedro-sanchez-psoe-300x200.jpg 300w, https:\/\/2horizontes.com\/wp-content\/uploads\/2014\/07\/pedro-sanchez-psoe.jpg 490w\" sizes=\"auto, (max-width: 300px) 100vw, 300px\" \/><\/a>El ganador de la consulta a las bases del PSOE para liderar el partido, Pedro S\u00e1nchez, ha prometido hoy unidad y ha ofrecido a sus dos contrincantes, Eduardo Madina y Jos\u00e9 Antonio P\u00e9rez Tapias, que formen parte de su futura Ejecutiva, que estar\u00e1 \u00abtan a la izquierda como sus bases\u00bb.<\/div>\n<div id=\"div_entradilla\" class=\"texto entradilla\">\n<p>\u00abNo sobra nadie, al contrario, falta gente. Y todo aquel que quiera arrimar el hombro va a contar con este secretario general\u00bb, ha proclamado S\u00e1nchez en una comparecencia ante decenas de militantes en la sede federal de Ferraz, conde ha estado acompa\u00f1ado por el todav\u00eda l\u00edder del PSOE, Alfredo P\u00e9rez Rubalcaba, as\u00ed como por Madina y Tapias.<\/p>\n<\/div>\n","protected":false},"excerpt":{"rendered":"<p>EFE .- El ganador de la consulta a las bases del PSOE para liderar el partido, Pedro S\u00e1nchez, ha prometido hoy unidad y ha ofrecido a sus dos contrincantes, Eduardo Madina y Jos\u00e9 Antonio P\u00e9rez Tapias, que formen parte de su futura Ejecutiva, que estar\u00e1 \u00abtan a la izquierda como sus bases\u00bb. \u00abNo sobra nadie, [&hellip;]<\/p>\n","protected":false},"author":1,"featured_media":0,"comment_status":"open","ping_status":"open","sticky":false,"template":"","format":"standard","meta":{"footnotes":""},"categories":[1],"tags":[],"class_list":["post-1654","post","type-post","status-publish","format-standard","hentry","category-entretenimiento"],"_links":{"self":[{"href":"https:\/\/2horizontes.com\/index.php?rest_route=\/wp\/v2\/posts\/1654","targetHints":{"allow":["GET"]}}],"collection":[{"href":"https:\/\/2horizontes.com\/index.php?rest_route=\/wp\/v2\/posts"}],"about":[{"href":"https:\/\/2horizontes.com\/index.php?rest_route=\/wp\/v2\/types\/post"}],"author":[{"embeddable":true,"href":"https:\/\/2horizontes.com\/index.php?rest_route=\/wp\/v2\/users\/1"}],"replies":[{"embeddable":true,"href":"https:\/\/2horizontes.com\/index.php?rest_route=%2Fwp%2Fv2%2Fcomments&post=1654"}],"version-history":[{"count":2,"href":"https:\/\/2horizontes.com\/index.php?rest_route=\/wp\/v2\/posts\/1654\/revisions"}],"predecessor-version":[{"id":1657,"href":"https:\/\/2horizontes.com\/index.php?rest_route=\/wp\/v2\/posts\/1654\/revisions\/1657"}],"wp:attachment":[{"href":"https:\/\/2horizontes.com\/index.php?rest_route=%2Fwp%2Fv2%2Fmedia&parent=1654"}],"wp:term":[{"taxonomy":"category","embeddable":true,"href":"https:\/\/2horizontes.com\/index.php?rest_route=%2Fwp%2Fv2%2Fcategories&post=1654"},{"taxonomy":"post_tag","embeddable":true,"href":"https:\/\/2horizontes.com\/index.php?rest_route=%2Fwp%2Fv2%2Ftags&post=1654"}],"curies":[{"name":"wp","href":"https:\/\/api.w.org\/{rel}","templated":true}]}}