{"id":16537,"date":"2015-07-15T11:58:00","date_gmt":"2015-07-15T10:58:00","guid":{"rendered":"http:\/\/2horizontes.com\/?p=16537"},"modified":"2015-07-15T11:58:00","modified_gmt":"2015-07-15T10:58:00","slug":"el-chapo-guzman-tiene-pendientes-14-cargos-federales-en-el-paso-ee-uu","status":"publish","type":"post","link":"https:\/\/2horizontes.com\/?p=16537","title":{"rendered":"\u00abEl Chapo\u00bb Guzm\u00e1n tiene pendientes 14 cargos federales en El Paso, EE.UU."},"content":{"rendered":"<div id=\"ArticleAuthorDiv\" class=\"article-body-author\"><b>EFE<\/b><\/div>\n<div id=\"ArticleSourceDiv\" class=\"article-body-author\"><b>El Paso (EE.UU.)<\/b><\/div>\n<div id=\"ArticleBody\">\n<p>El capo del narcotr\u00e1fico Joaqu\u00edn \u00abEl Chapo\u00bb Guzm\u00e1n, fugado de una prisi\u00f3n mexicana el pasado s\u00e1bado en la noche, tiene 14 acusaciones pendientes en la ciudad de El Paso, fronteriza con la mexicana Ciudad Ju\u00e1rez, seg\u00fan datos de la corte federal local.<\/p>\n<p>El caso contra Guzm\u00e1n Loera se present\u00f3 en 2012 y en \u00e9l se le imputan 14 acusaciones por delitos federales ligados al crimen organizado.<\/p>\n<p>Los documentos de la corte identifican a \u00abEl Chapo\u00bb Guzm\u00e1n e Ismael \u00abEl Mayo\u00bb Zambada como los l\u00edderes del C\u00e1rtel de Sinaloa, dedicado al \u00abenriquecimiento de sus miembros y asociados mediante actividades de conspiraci\u00f3n para la importaci\u00f3n y distribuci\u00f3n de sustancias ilegales; lavado de dinero, tr\u00e1fico de armas y la comisi\u00f3n de asesinatos\u00bb.<\/p>\n<p>Seg\u00fan la acusaci\u00f3n formal, entre las actividades il\u00edcitas de la organizaci\u00f3n denominada C\u00e1rtel de Sinaloa, \u00abse incluyen actividades violentas en contra de traficantes rivales\u00bb, as\u00ed como acciones para atemorizar a sus miembros, a testigos, polic\u00edas, medios de comunicaci\u00f3n y p\u00fablico en general.<\/p>\n<p>La acusaci\u00f3n indica que existen otras 22 personas identificadas como integrantes de esa organizaci\u00f3n del narcotr\u00e1fico.<\/p>\n<p>Joaqu\u00edn Guzm\u00e1n tiene pendiente una acusaci\u00f3n interpuesta en agosto de 2009 por cargos de narcotr\u00e1fico ante una corte federal del Distrito de Illinois, en Chicago, de acuerdo con los datos de la corte.<\/p>\n<p>Tambi\u00e9n aparecen imputados Jes\u00fas Vicente Zambada Niebla, Ismael Zambada Garc\u00eda, Alfredo Guzm\u00e1n Salazar, Germ\u00e1n Olivares, Tom\u00e1s Ar\u00e9valo y Alberto V\u00e1zquez.<\/p>\n<p>Guzm\u00e1n Loera y Zambada Garc\u00eda son acusados en los documentos como los principales coordinadores de las actividades de la organizaci\u00f3n narcotraficante llamada \u00abLa Federaci\u00f3n\u00bb, destinada a transportar droga de territorio mexicano al de Estados Unidos.<\/p>\n<p>Seg\u00fan los datos de la Corte federal, la primera de las acusaciones contra Guzm\u00e1n se present\u00f3 en 1995 en California por cargos de conspiraci\u00f3n para importar coca\u00edna y por lavado de dinero.<\/p>\n<p>El reci\u00e9n fugado de prisi\u00f3n ha sido durante varios a\u00f1os el m\u00e1s buscado por la Agencia Antidrogas Estadounidense (DEA).<\/p>\n<p>De acuerdo con el sitio oficial de la agencia antidrogas en El Paso, \u00abEl Chapo\u00bb es el criminal m\u00e1s buscado del sector, dentro de una lista en la que tambi\u00e9n se encuentran otros presuntos narcotraficantes mexicanos como Ismael \u00abEl Mayo\u00bb Zambada.<\/p>\n<p>De acuerdo con los datos de las autoridades estadounidenses, despu\u00e9s del arresto de Osiel C\u00e1rdenas del C\u00e1rtel del Golfo, en 2003, \u00abEl Chapo\u00bb se convirti\u00f3 en el principal narcotraficante de M\u00e9xico.<\/p>\n<p>En 1993, \u00abEl Chapo\u00bb fue detenido en la ciudad de Guatemala y extraditado a M\u00e9xico, pero ocho a\u00f1os despu\u00e9s escap\u00f3 de la prisi\u00f3n de m\u00e1xima seguridad de Puente Grande, en el estado de Jalisco.<\/p>\n<p>El 22 de febrero de 2014, el presidente mexicano, Enrique Pe\u00f1a Nieto, confirm\u00f3 que Guzm\u00e1n Loera hab\u00eda sido capturado de nuevo en un operativo conjunto de las Secretar\u00edas de Gobernaci\u00f3n, de la Defensa Nacional, de la Marina, la Procuradur\u00eda General de la Rep\u00fablica, la Polic\u00eda Federal y el Centro de Investigaci\u00f3n y Seguridad Nacional.<\/p>\n<p>El pasado domingo, la Comisi\u00f3n Nacional de Seguridad de M\u00e9xico inform\u00f3 de la fuga de Guzm\u00e1n Loera del Penal Federal del Altiplano I.<\/p>\n<\/div>\n","protected":false},"excerpt":{"rendered":"<p>EFE El Paso (EE.UU.) El capo del narcotr\u00e1fico Joaqu\u00edn \u00abEl Chapo\u00bb Guzm\u00e1n, fugado de una prisi\u00f3n mexicana el pasado s\u00e1bado en la noche, tiene 14 acusaciones pendientes en la ciudad de El Paso, fronteriza con la mexicana Ciudad Ju\u00e1rez, seg\u00fan datos de la corte federal local. El caso contra Guzm\u00e1n Loera se present\u00f3 en 2012 [&hellip;]<\/p>\n","protected":false},"author":7,"featured_media":16538,"comment_status":"open","ping_status":"open","sticky":false,"template":"","format":"standard","meta":{"footnotes":""},"categories":[40],"tags":[],"class_list":["post-16537","post","type-post","status-publish","format-standard","has-post-thumbnail","hentry","category-internacionales"],"_links":{"self":[{"href":"https:\/\/2horizontes.com\/index.php?rest_route=\/wp\/v2\/posts\/16537","targetHints":{"allow":["GET"]}}],"collection":[{"href":"https:\/\/2horizontes.com\/index.php?rest_route=\/wp\/v2\/posts"}],"about":[{"href":"https:\/\/2horizontes.com\/index.php?rest_route=\/wp\/v2\/types\/post"}],"author":[{"embeddable":true,"href":"https:\/\/2horizontes.com\/index.php?rest_route=\/wp\/v2\/users\/7"}],"replies":[{"embeddable":true,"href":"https:\/\/2horizontes.com\/index.php?rest_route=%2Fwp%2Fv2%2Fcomments&post=16537"}],"version-history":[{"count":1,"href":"https:\/\/2horizontes.com\/index.php?rest_route=\/wp\/v2\/posts\/16537\/revisions"}],"predecessor-version":[{"id":16539,"href":"https:\/\/2horizontes.com\/index.php?rest_route=\/wp\/v2\/posts\/16537\/revisions\/16539"}],"wp:featuredmedia":[{"embeddable":true,"href":"https:\/\/2horizontes.com\/index.php?rest_route=\/wp\/v2\/media\/16538"}],"wp:attachment":[{"href":"https:\/\/2horizontes.com\/index.php?rest_route=%2Fwp%2Fv2%2Fmedia&parent=16537"}],"wp:term":[{"taxonomy":"category","embeddable":true,"href":"https:\/\/2horizontes.com\/index.php?rest_route=%2Fwp%2Fv2%2Fcategories&post=16537"},{"taxonomy":"post_tag","embeddable":true,"href":"https:\/\/2horizontes.com\/index.php?rest_route=%2Fwp%2Fv2%2Ftags&post=16537"}],"curies":[{"name":"wp","href":"https:\/\/api.w.org\/{rel}","templated":true}]}}