{"id":16531,"date":"2015-07-15T11:49:30","date_gmt":"2015-07-15T10:49:30","guid":{"rendered":"http:\/\/2horizontes.com\/?p=16531"},"modified":"2015-07-15T11:49:30","modified_gmt":"2015-07-15T10:49:30","slug":"corte-de-ee-uu-cita-al-presidente-de-la-asamblea-nacional-de-venezuela","status":"publish","type":"post","link":"https:\/\/2horizontes.com\/?p=16531","title":{"rendered":"Corte de EE.UU. cita al presidente de la Asamblea Nacional de Venezuela"},"content":{"rendered":"<div id=\"ArticleAuthorDiv\" class=\"article-body-author\"><b>EFE<\/b><\/div>\n<div id=\"ArticleSourceDiv\" class=\"article-body-author\"><b>Miami<\/b><\/div>\n<div id=\"ArticleBody\">\n<p>Una corte federal de Estados Unidos cit\u00f3 a declarar el mes pr\u00f3ximo al presidente de la Asamblea Nacional de Venezuela, Diosdado Cabello, y otros funcionarios de ese pa\u00eds por un caso relacionado con \u201cmaterial de defensa\u201d adquirido supuestamente a un empresario venezolano radicado en Miami.<\/p>\n<p>Cabello ha sido citado ante un tribunal federal en Miami el pr\u00f3ximo 10 de agosto, seg\u00fan documentos de la corte federal del Distrito Sur de Florida.<\/p>\n<p>Tambi\u00e9n est\u00e1n convocados el mismo d\u00eda el gobernador del estado venezolano de Aragua, Tareck El Aissami, el comandante general de la Guardia Nacional Bolivariana (GNB), N\u00e9stor Luis Reverol, y el exministro de Interior Miguel Rodr\u00edguez Torres.<\/p>\n<p>El caso responde a una demanda por difamaci\u00f3n, injuria y extorsi\u00f3n presentada por el empresario Gianfranco Rond\u00f3n contra Gianfranco Napolitano, director y editor del grupo propietario del peri\u00f3dico Doral News y el canal Doral News TV, por las informaciones publicadas acerca de las presuntas ventas de material b\u00e9lico.<\/p>\n<\/div>\n<div><\/div>\n<p>&nbsp;<\/p>\n","protected":false},"excerpt":{"rendered":"<p>EFE Miami Una corte federal de Estados Unidos cit\u00f3 a declarar el mes pr\u00f3ximo al presidente de la Asamblea Nacional de Venezuela, Diosdado Cabello, y otros funcionarios de ese pa\u00eds por un caso relacionado con \u201cmaterial de defensa\u201d adquirido supuestamente a un empresario venezolano radicado en Miami. Cabello ha sido citado ante un tribunal federal [&hellip;]<\/p>\n","protected":false},"author":7,"featured_media":16532,"comment_status":"open","ping_status":"open","sticky":false,"template":"","format":"standard","meta":{"footnotes":""},"categories":[40,43,48],"tags":[],"class_list":["post-16531","post","type-post","status-publish","format-standard","has-post-thumbnail","hentry","category-internacionales","category-politica","category-venezuela"],"_links":{"self":[{"href":"https:\/\/2horizontes.com\/index.php?rest_route=\/wp\/v2\/posts\/16531","targetHints":{"allow":["GET"]}}],"collection":[{"href":"https:\/\/2horizontes.com\/index.php?rest_route=\/wp\/v2\/posts"}],"about":[{"href":"https:\/\/2horizontes.com\/index.php?rest_route=\/wp\/v2\/types\/post"}],"author":[{"embeddable":true,"href":"https:\/\/2horizontes.com\/index.php?rest_route=\/wp\/v2\/users\/7"}],"replies":[{"embeddable":true,"href":"https:\/\/2horizontes.com\/index.php?rest_route=%2Fwp%2Fv2%2Fcomments&post=16531"}],"version-history":[{"count":1,"href":"https:\/\/2horizontes.com\/index.php?rest_route=\/wp\/v2\/posts\/16531\/revisions"}],"predecessor-version":[{"id":16533,"href":"https:\/\/2horizontes.com\/index.php?rest_route=\/wp\/v2\/posts\/16531\/revisions\/16533"}],"wp:featuredmedia":[{"embeddable":true,"href":"https:\/\/2horizontes.com\/index.php?rest_route=\/wp\/v2\/media\/16532"}],"wp:attachment":[{"href":"https:\/\/2horizontes.com\/index.php?rest_route=%2Fwp%2Fv2%2Fmedia&parent=16531"}],"wp:term":[{"taxonomy":"category","embeddable":true,"href":"https:\/\/2horizontes.com\/index.php?rest_route=%2Fwp%2Fv2%2Fcategories&post=16531"},{"taxonomy":"post_tag","embeddable":true,"href":"https:\/\/2horizontes.com\/index.php?rest_route=%2Fwp%2Fv2%2Ftags&post=16531"}],"curies":[{"name":"wp","href":"https:\/\/api.w.org\/{rel}","templated":true}]}}