{"id":16479,"date":"2015-07-14T17:27:10","date_gmt":"2015-07-14T16:27:10","guid":{"rendered":"http:\/\/2horizontes.com\/?p=16479"},"modified":"2015-07-14T17:27:10","modified_gmt":"2015-07-14T16:27:10","slug":"convocaron-a-paro-de-labores-hoy-en-higuey-rd","status":"publish","type":"post","link":"https:\/\/2horizontes.com\/?p=16479","title":{"rendered":"CONVOCARON A PARO DE LABORES HOY EN HIG\u00dcEY RD"},"content":{"rendered":"<p>RD-HIG\u00dcEY.- Distintos grupos convocaron a un paro de labores desde las 6:00 de la ma\u00f1ana de hoy en la provincia La Altagracia, en donde se encuentra ubicado el polo tur\u00edstico B\u00e1varo-Punta Cana, el principal de la Rep\u00fablica Dominicana.<\/p>\n<p>La paralizaci\u00f3n ser\u00eda por 48 horas en \u00a0reclamo de la construcci\u00f3n de distintas obras, entre ellas la construcci\u00f3n de la carretera que comunica a Hig\u00fcey con la Autov\u00eda El Coral, la terminaci\u00f3n del acueducto y del hospital Nuestra Se\u00f1ora de la Altagracia, el arreglo de las principales calles, la reparaci\u00f3n del puente de Villa Cerro y la reapertura de la zona franca .<\/p>\n<p>Es convocado por la Federaci\u00f3n de Juntas de Vecinos, el Frente Amplio de Lucha Popular (Falpo) y la Confederaci\u00f3n Aut\u00f3noma Sindical Clasista, las cuales amenazaron con bloquear la Autov\u00eda el Coral.<\/p>\n<p>Felipe Mart\u00ednez, presidente de la Federaci\u00f3n de Juntas de Vecinos, dijo que hasta que el presidente Danilo Medina no env\u00ede un funcionario de alto nivel para que presencie los problemas que afectan a las comunidades de la zona no levantar\u00e1n la huelga.<\/p>\n<p>Desde anoche est\u00e1n decenas de agentes policiales en puntos estrat\u00e9gicos, con bombas lacrim\u00f3genas y armas largas.<\/p>\n<p><strong>Partidos apoyan\u00a0<\/strong><\/p>\n<p>Dirigentes de\u00a0 diecis\u00e9is partidos y movimientos pol\u00edticos de aqu\u00ed respaldaron la convocatoria a paro. Entre ellos figuran\u00a0miembros de partidos que forman parte del Bloque Progresista que encabeza el PLD.<\/p>\n","protected":false},"excerpt":{"rendered":"<p>RD-HIG\u00dcEY.- Distintos grupos convocaron a un paro de labores desde las 6:00 de la ma\u00f1ana de hoy en la provincia La Altagracia, en donde se encuentra ubicado el polo tur\u00edstico B\u00e1varo-Punta Cana, el principal de la Rep\u00fablica Dominicana. La paralizaci\u00f3n ser\u00eda por 48 horas en \u00a0reclamo de la construcci\u00f3n de distintas obras, entre ellas la [&hellip;]<\/p>\n","protected":false},"author":8,"featured_media":16480,"comment_status":"open","ping_status":"open","sticky":false,"template":"","format":"standard","meta":{"footnotes":""},"categories":[53],"tags":[],"class_list":["post-16479","post","type-post","status-publish","format-standard","has-post-thumbnail","hentry","category-provincias"],"_links":{"self":[{"href":"https:\/\/2horizontes.com\/index.php?rest_route=\/wp\/v2\/posts\/16479","targetHints":{"allow":["GET"]}}],"collection":[{"href":"https:\/\/2horizontes.com\/index.php?rest_route=\/wp\/v2\/posts"}],"about":[{"href":"https:\/\/2horizontes.com\/index.php?rest_route=\/wp\/v2\/types\/post"}],"author":[{"embeddable":true,"href":"https:\/\/2horizontes.com\/index.php?rest_route=\/wp\/v2\/users\/8"}],"replies":[{"embeddable":true,"href":"https:\/\/2horizontes.com\/index.php?rest_route=%2Fwp%2Fv2%2Fcomments&post=16479"}],"version-history":[{"count":1,"href":"https:\/\/2horizontes.com\/index.php?rest_route=\/wp\/v2\/posts\/16479\/revisions"}],"predecessor-version":[{"id":16481,"href":"https:\/\/2horizontes.com\/index.php?rest_route=\/wp\/v2\/posts\/16479\/revisions\/16481"}],"wp:featuredmedia":[{"embeddable":true,"href":"https:\/\/2horizontes.com\/index.php?rest_route=\/wp\/v2\/media\/16480"}],"wp:attachment":[{"href":"https:\/\/2horizontes.com\/index.php?rest_route=%2Fwp%2Fv2%2Fmedia&parent=16479"}],"wp:term":[{"taxonomy":"category","embeddable":true,"href":"https:\/\/2horizontes.com\/index.php?rest_route=%2Fwp%2Fv2%2Fcategories&post=16479"},{"taxonomy":"post_tag","embeddable":true,"href":"https:\/\/2horizontes.com\/index.php?rest_route=%2Fwp%2Fv2%2Ftags&post=16479"}],"curies":[{"name":"wp","href":"https:\/\/api.w.org\/{rel}","templated":true}]}}