{"id":16467,"date":"2015-07-14T16:08:43","date_gmt":"2015-07-14T15:08:43","guid":{"rendered":"http:\/\/2horizontes.com\/?p=16467"},"modified":"2015-07-14T16:08:43","modified_gmt":"2015-07-14T15:08:43","slug":"rd-iniciara-deportaciones-tras-proceso-regularizacion-de-extranjeros","status":"publish","type":"post","link":"https:\/\/2horizontes.com\/?p=16467","title":{"rendered":"RD iniciar\u00e1 deportaciones tras proceso regularizaci\u00f3n de extranjeros"},"content":{"rendered":"<p>RD-SANTO DOMINGO.- \u00a0Danilo Medina anunci\u00f3 que antes de comenzar a deportar extranjeros ilegales, el Gobierno completar\u00e1 la documentaci\u00f3n de los que se acogieron al Plan Nacional de Regularizaci\u00f3n, cuyas plazo de inscripci\u00f3n finaliz\u00f3 el l7 de junio pasado.<\/p>\n<p>Afirmo \u00a0que no quiere \u201cque se cometa el error de que una persona que se regulariz\u00f3, porque no tenga el documento, corra el riesgo de irse del pa\u00eds de manera involuntaria\u201d.<\/p>\n<p>\u201cNosotros tenemos que entregarle el documento a los que se regularizaron y el documento est\u00e1 en proceso. Yo pienso que la pr\u00f3xima semana debemos comenzar a entregar documentos\u201d, contest\u00f3 Medina al ser interrogado por un grupo de periodistas sobre un aplazamiento del inicio de las deportaciones.<\/p>\n<p>Aunque Hait\u00ed ha denunciado deportaciones masivas, el gobierno dominicano sostiene que s\u00f3lo facilit\u00f3 transporte a m\u00e1s de 12.000 haitianos que regresaban a su pa\u00eds de forma voluntaria, porque no lograron acogerse al Plan de Regularizaci\u00f3n.<\/p>\n<p>Medina explic\u00f3 que a quienes califiquen para la residencia, de los 288.000 que se registraron, las autoridades les colocar\u00e1n un cintillo de visado, si se inscribieron con sus pasaportes, o les entregar\u00e1n carnets, si lo hicieron con c\u00e9dulas o actas de nacimiento de sus pa\u00edses de origen.<\/p>\n<p>Por la divergencia binacional en torno a las deportaciones, la OEA visit\u00f3 el viernes Rep\u00fablica Dominicana y el domingo se traslad\u00f3 a Hait\u00ed, en misi\u00f3n de evaluaci\u00f3n de la situaci\u00f3n de los migrantes en el primero de estos pa\u00edses que copmparten la isla La Espa\u00f1ola. Medina dijo que s\u00f3lo aspira a que el informe se limite a decir \u201cla verdad\u201d.<\/p>\n<p>\u201cQue digan la verdad, aqu\u00ed solamente hay que decir la verdad, porque aqu\u00ed no hay nada oculto, nada, absolutamente. Por eso las puertas del pa\u00eds est\u00e1n abiertas para que todo el que quiera venir a observar que venga y observe, pero que digan la verdad sin prejuicio\u201d, asever\u00f3 el mandatario.<\/p>\n","protected":false},"excerpt":{"rendered":"<p>RD-SANTO DOMINGO.- \u00a0Danilo Medina anunci\u00f3 que antes de comenzar a deportar extranjeros ilegales, el Gobierno completar\u00e1 la documentaci\u00f3n de los que se acogieron al Plan Nacional de Regularizaci\u00f3n, cuyas plazo de inscripci\u00f3n finaliz\u00f3 el l7 de junio pasado. Afirmo \u00a0que no quiere \u201cque se cometa el error de que una persona que se regulariz\u00f3, porque [&hellip;]<\/p>\n","protected":false},"author":8,"featured_media":16468,"comment_status":"open","ping_status":"open","sticky":false,"template":"","format":"standard","meta":{"footnotes":""},"categories":[54,47,43,44],"tags":[],"class_list":["post-16467","post","type-post","status-publish","format-standard","has-post-thumbnail","hentry","category-emigrantes","category-haiti","category-politica","category-republica-dominicana"],"_links":{"self":[{"href":"https:\/\/2horizontes.com\/index.php?rest_route=\/wp\/v2\/posts\/16467","targetHints":{"allow":["GET"]}}],"collection":[{"href":"https:\/\/2horizontes.com\/index.php?rest_route=\/wp\/v2\/posts"}],"about":[{"href":"https:\/\/2horizontes.com\/index.php?rest_route=\/wp\/v2\/types\/post"}],"author":[{"embeddable":true,"href":"https:\/\/2horizontes.com\/index.php?rest_route=\/wp\/v2\/users\/8"}],"replies":[{"embeddable":true,"href":"https:\/\/2horizontes.com\/index.php?rest_route=%2Fwp%2Fv2%2Fcomments&post=16467"}],"version-history":[{"count":1,"href":"https:\/\/2horizontes.com\/index.php?rest_route=\/wp\/v2\/posts\/16467\/revisions"}],"predecessor-version":[{"id":16469,"href":"https:\/\/2horizontes.com\/index.php?rest_route=\/wp\/v2\/posts\/16467\/revisions\/16469"}],"wp:featuredmedia":[{"embeddable":true,"href":"https:\/\/2horizontes.com\/index.php?rest_route=\/wp\/v2\/media\/16468"}],"wp:attachment":[{"href":"https:\/\/2horizontes.com\/index.php?rest_route=%2Fwp%2Fv2%2Fmedia&parent=16467"}],"wp:term":[{"taxonomy":"category","embeddable":true,"href":"https:\/\/2horizontes.com\/index.php?rest_route=%2Fwp%2Fv2%2Fcategories&post=16467"},{"taxonomy":"post_tag","embeddable":true,"href":"https:\/\/2horizontes.com\/index.php?rest_route=%2Fwp%2Fv2%2Ftags&post=16467"}],"curies":[{"name":"wp","href":"https:\/\/api.w.org\/{rel}","templated":true}]}}