{"id":16464,"date":"2015-07-14T15:59:52","date_gmt":"2015-07-14T14:59:52","guid":{"rendered":"http:\/\/2horizontes.com\/?p=16464"},"modified":"2015-07-14T15:59:52","modified_gmt":"2015-07-14T14:59:52","slug":"pedernales-embajador-de-eu-y-mandos-militares-dominicanos-supervisan-frontera","status":"publish","type":"post","link":"https:\/\/2horizontes.com\/?p=16464","title":{"rendered":"PEDERNALES: Embajador de EU y mandos militares dominicanos supervisan frontera"},"content":{"rendered":"<p>RD-PEDERNALES.- El embajador de Estados Unidos en Rep\u00fablica Dominicana, James Brewster, el jefe del Ej\u00e9rcito, Jos\u00e9 Eugenio Matos de la Cruz, y el director de Migraci\u00f3n, Rub\u00e9n Paulino Sem, supervisaron la entrada y salida de personas y la condici\u00f3n en que opera la frontera.<\/p>\n<p>Adem\u00e1s, inspeccionan el centro de acogida de inmigrantes indocumentados instalado en Pedernales desde donde se realizar\u00e1n las repatriaciones hacia Hait\u00ed.<\/p>\n<p>En el recorrido tambi\u00e9n participan el jefe del Cuerpo Especializado de Seguridad Fronteriza Terrestre, Carlos Aguirre Reyes; el gobernador de Pedernales, \u00c1ngel Odal\u00eds Zabala, y el c\u00f3nsul dominicano en Anse-A- Pitre, M\u00e1ximo F\u00e9liz.<\/p>\n","protected":false},"excerpt":{"rendered":"<p>RD-PEDERNALES.- El embajador de Estados Unidos en Rep\u00fablica Dominicana, James Brewster, el jefe del Ej\u00e9rcito, Jos\u00e9 Eugenio Matos de la Cruz, y el director de Migraci\u00f3n, Rub\u00e9n Paulino Sem, supervisaron la entrada y salida de personas y la condici\u00f3n en que opera la frontera. Adem\u00e1s, inspeccionan el centro de acogida de inmigrantes indocumentados instalado en [&hellip;]<\/p>\n","protected":false},"author":8,"featured_media":16465,"comment_status":"open","ping_status":"open","sticky":false,"template":"","format":"standard","meta":{"footnotes":""},"categories":[53,44],"tags":[],"class_list":["post-16464","post","type-post","status-publish","format-standard","has-post-thumbnail","hentry","category-provincias","category-republica-dominicana"],"_links":{"self":[{"href":"https:\/\/2horizontes.com\/index.php?rest_route=\/wp\/v2\/posts\/16464","targetHints":{"allow":["GET"]}}],"collection":[{"href":"https:\/\/2horizontes.com\/index.php?rest_route=\/wp\/v2\/posts"}],"about":[{"href":"https:\/\/2horizontes.com\/index.php?rest_route=\/wp\/v2\/types\/post"}],"author":[{"embeddable":true,"href":"https:\/\/2horizontes.com\/index.php?rest_route=\/wp\/v2\/users\/8"}],"replies":[{"embeddable":true,"href":"https:\/\/2horizontes.com\/index.php?rest_route=%2Fwp%2Fv2%2Fcomments&post=16464"}],"version-history":[{"count":1,"href":"https:\/\/2horizontes.com\/index.php?rest_route=\/wp\/v2\/posts\/16464\/revisions"}],"predecessor-version":[{"id":16466,"href":"https:\/\/2horizontes.com\/index.php?rest_route=\/wp\/v2\/posts\/16464\/revisions\/16466"}],"wp:featuredmedia":[{"embeddable":true,"href":"https:\/\/2horizontes.com\/index.php?rest_route=\/wp\/v2\/media\/16465"}],"wp:attachment":[{"href":"https:\/\/2horizontes.com\/index.php?rest_route=%2Fwp%2Fv2%2Fmedia&parent=16464"}],"wp:term":[{"taxonomy":"category","embeddable":true,"href":"https:\/\/2horizontes.com\/index.php?rest_route=%2Fwp%2Fv2%2Fcategories&post=16464"},{"taxonomy":"post_tag","embeddable":true,"href":"https:\/\/2horizontes.com\/index.php?rest_route=%2Fwp%2Fv2%2Ftags&post=16464"}],"curies":[{"name":"wp","href":"https:\/\/api.w.org\/{rel}","templated":true}]}}