{"id":16415,"date":"2015-07-14T12:54:17","date_gmt":"2015-07-14T11:54:17","guid":{"rendered":"http:\/\/2horizontes.com\/?p=16415"},"modified":"2015-07-14T12:57:14","modified_gmt":"2015-07-14T11:57:14","slug":"amenaza-a-su-vecino-con-una-motosierra-por-tener-la-musica-demasiado-al","status":"publish","type":"post","link":"https:\/\/2horizontes.com\/?p=16415","title":{"rendered":"Amenaza a su vecino con una motosierra por tener la m\u00fasica demasiado alta"},"content":{"rendered":"<p>Agentes de la Polic\u00eda Nacional han detenido en Valencia a tres hombres de entre 22 y 42 a\u00f1os, de origen espa\u00f1ol y ecuatoriano, por un presunto delito de amenazas graves, instantes despu\u00e9s de tener una pelea en el edificio en el que viven por tener la m\u00fasica muy alta. Los arrestados esgrimieron un machete de 30 cent\u00edmetros y una moto sierra.<\/p>\n<p>Los hechos ocurrieron cuando los agentes que realizan labores propias de prevenci\u00f3n de la seguridad ciudadana en servicio uniformado, fueron alertados por la sala 091 para que se dirigieran a un edificio del distrito de Tr\u00e0nsits en el que al parecer se est\u00e1 produciendo una pelea entre varios vecinos con armas.<\/p>\n<p>Los agentes acudieron de inmediato al lugar, donde localizaron a un joven nervioso en el rellano de su piso, desde donde se pod\u00eda observar un machete de grandes dimensiones en el suelo del recibidor de la vivienda.<\/p>\n<p>Los polic\u00edas averiguaron que instantes antes el joven hab\u00eda tenido un altercado con unos vecinos de otra planta inferior por tener la m\u00fasica muy alta, ya que estaba escuchando la m\u00fasica y sus vecinos que quer\u00edan dormir le hab\u00edan gritado por el deslunado para que bajara el volumen.<\/p>\n<p>Los vecinos al ver que no bajaba la m\u00fasica, subieron a la vivienda, y tras aporrear su puerta y \u00e9ste abrirla, al parecer, le habr\u00edan amenazado de muerte mientras uno de ellos que portaba una moto sierra la pon\u00eda en marcha. El joven habr\u00eda esgrimido un machete de 30 cent\u00edmetros de hoja y mango de madera.<\/p>\n","protected":false},"excerpt":{"rendered":"<p>Agentes de la Polic\u00eda Nacional han detenido en Valencia a tres hombres de entre 22 y 42 a\u00f1os, de origen espa\u00f1ol y ecuatoriano, por un presunto delito de amenazas graves, instantes despu\u00e9s de tener una pelea en el edificio en el que viven por tener la m\u00fasica muy alta. Los arrestados esgrimieron un machete de [&hellip;]<\/p>\n","protected":false},"author":3,"featured_media":16417,"comment_status":"open","ping_status":"open","sticky":false,"template":"","format":"standard","meta":{"footnotes":""},"categories":[85],"tags":[],"class_list":["post-16415","post","type-post","status-publish","format-standard","has-post-thumbnail","hentry","category-espana"],"_links":{"self":[{"href":"https:\/\/2horizontes.com\/index.php?rest_route=\/wp\/v2\/posts\/16415","targetHints":{"allow":["GET"]}}],"collection":[{"href":"https:\/\/2horizontes.com\/index.php?rest_route=\/wp\/v2\/posts"}],"about":[{"href":"https:\/\/2horizontes.com\/index.php?rest_route=\/wp\/v2\/types\/post"}],"author":[{"embeddable":true,"href":"https:\/\/2horizontes.com\/index.php?rest_route=\/wp\/v2\/users\/3"}],"replies":[{"embeddable":true,"href":"https:\/\/2horizontes.com\/index.php?rest_route=%2Fwp%2Fv2%2Fcomments&post=16415"}],"version-history":[{"count":2,"href":"https:\/\/2horizontes.com\/index.php?rest_route=\/wp\/v2\/posts\/16415\/revisions"}],"predecessor-version":[{"id":16423,"href":"https:\/\/2horizontes.com\/index.php?rest_route=\/wp\/v2\/posts\/16415\/revisions\/16423"}],"wp:featuredmedia":[{"embeddable":true,"href":"https:\/\/2horizontes.com\/index.php?rest_route=\/wp\/v2\/media\/16417"}],"wp:attachment":[{"href":"https:\/\/2horizontes.com\/index.php?rest_route=%2Fwp%2Fv2%2Fmedia&parent=16415"}],"wp:term":[{"taxonomy":"category","embeddable":true,"href":"https:\/\/2horizontes.com\/index.php?rest_route=%2Fwp%2Fv2%2Fcategories&post=16415"},{"taxonomy":"post_tag","embeddable":true,"href":"https:\/\/2horizontes.com\/index.php?rest_route=%2Fwp%2Fv2%2Ftags&post=16415"}],"curies":[{"name":"wp","href":"https:\/\/api.w.org\/{rel}","templated":true}]}}