{"id":1636,"date":"2014-07-08T07:49:58","date_gmt":"2014-07-08T07:49:58","guid":{"rendered":"http:\/\/2horizontes.com\/?p=1636"},"modified":"2014-07-08T07:49:58","modified_gmt":"2014-07-08T07:49:58","slug":"cuatro-muertos-en-guatemala-y-uno-en-mexico-por-sismo-2","status":"publish","type":"post","link":"https:\/\/2horizontes.com\/?p=1636","title":{"rendered":"Cuatro muertos en Guatemala y uno en M\u00e9xico por sismo"},"content":{"rendered":"<div id=\"ArticleSourceDiv\" class=\"article-body-author\" style=\"margin-top: 0;\"><b>AP. TUXTLA GUTIERREZ, M\u00e9xico.- <a href=\"http:\/\/2horizontes.com\/wp-content\/uploads\/2014\/07\/terremoto-mexico.jpeg\"><img loading=\"lazy\" decoding=\"async\" class=\"alignleft size-medium wp-image-1637\" src=\"http:\/\/2horizontes.com\/wp-content\/uploads\/2014\/07\/terremoto-mexico-300x157.jpeg\" alt=\"terremoto mexico\" width=\"300\" height=\"157\" srcset=\"https:\/\/2horizontes.com\/wp-content\/uploads\/2014\/07\/terremoto-mexico-300x157.jpeg 300w, https:\/\/2horizontes.com\/wp-content\/uploads\/2014\/07\/terremoto-mexico-510x267.jpeg 510w, https:\/\/2horizontes.com\/wp-content\/uploads\/2014\/07\/terremoto-mexico-624x326.jpeg 624w, https:\/\/2horizontes.com\/wp-content\/uploads\/2014\/07\/terremoto-mexico.jpeg 680w\" sizes=\"auto, (max-width: 300px) 100vw, 300px\" \/><\/a><\/b>Un sismo de magnitud 6,9 en la costa de la frontera entre M\u00e9xico y Guatemala provoc\u00f3 el lunes la muerte de al menos cuatro personas, reportaron autoridades de ambos pa\u00edses.<\/div>\n<div id=\"ArticleBody\" style=\"margin-top: 10px;\">\n<p>El Servicio Geol\u00f3gico Nacional de Estados Unidos dijo que el movimiento tel\u00farico ocurri\u00f3 a las 6.23 (1123 GMT) en la costa del Pac\u00edfico mexicano, en Puerto Madero, a unos 900 kil\u00f3metros al sudeste de la ciudad de M\u00e9xico y a unos 200 kil\u00f3metros al oeste de la capital guatemalteca, con una profundidad de 60 kil\u00f3metros.<\/p>\n<p>El presidente guatemalteco Otto P\u00e9rez Molina dijo que los da\u00f1os ocasionados por el terremoto como \u00abmoderados\u00bb. Se\u00f1al\u00f3 que se sinti\u00f3 en 12 de los 22 departamentos del pa\u00eds.<\/p>\n<p>Seg\u00fan el mandatario, un beb\u00e9 falleci\u00f3 en el centro m\u00e9dico de San Marcos. \u00abA causa del temblor se desprendi\u00f3 el cielo falso del hospital y cay\u00f3 sobre el reci\u00e9n nacido\u00bb.<\/p>\n<p>P\u00e9rez Molinas explic\u00f3 que hubo otros reportes, pero que \u00abconfirmado, confirmado, solo el ni\u00f1o que muri\u00f3 en el Hospital\u00bb.<\/p>\n<p>Inform\u00f3 que tambi\u00e9n se reportan 33 personas heridas y reciben atenci\u00f3n m\u00e9dica en el Hospital de San Marcos. Oficialmente se reportan casi un centenar de casas con da\u00f1os totales, moderados o leves.<\/p>\n<p>El portavoz de los bomberos municipales de Guatemala, Ra\u00fal Hern\u00e1ndez, dijo que dos personas murieron al derrumbarse las paredes de sus viviendas en San Rafael Pie de la Cuesta San Marcos, fronteriza con M\u00e9xico.<\/p>\n<p>En el lado mexicano, el Instituto de Protecci\u00f3n Civil del estado de Chiapas report\u00f3 en su cuenta de Twitter que un hombre muri\u00f3 en la poblaci\u00f3n de Huixtla tras caerle una barda.<\/p>\n<p>La prensa local mexicana report\u00f3 que el sismo se sinti\u00f3 intensamente en los estados de Chiapas y Tabasco.<\/p>\n<p>El guatemalteco Jenner V\u00e1squez, de 25 a\u00f1os y poblador de la zona central de San Marcos perdi\u00f3 la totalidad de su casa de adobe, pero salv\u00f3 a su esposa y sus hijo de 5 y 3 a\u00f1os.<\/p>\n<p>\u00abLa casa qued\u00f3 totalmente destruida, nosotros no sufrimos mayor cosa, est\u00e1bamos dormidos cuando empez\u00f3 el temblor fuerte, nos despertamos y salimos al patio de atr\u00e1s de la casa, justo la parte de adelante, en la calle, se cay\u00f3 la parte de arriba, si salimos por adelante nos hubi\u00e9ramos lastimado o hubiera pasado otra cosas\u00bb, dijo V\u00e1squez a The Associated Press, v\u00eda telef\u00f3nica.<\/p>\n<p>Cecilio Chacaj, de los Bomberos Municipales Departamentales en la regi\u00f3n afectada por el sismo, inform\u00f3: \u00abNos reportaron postes de luz derrumbados, las l\u00edneas telef\u00f3nicas tambi\u00e9n est\u00e1n da\u00f1adas y a\u00fan estamos esperando reportes de las comunidades lejanas\u00bb.<\/p>\n<p>El Ministerio de Educaci\u00f3n suspendi\u00f3 las clases en los departamentos del occidente del pa\u00eds, entre ellos San Marcos, Huehuetenango y Quetzaltenango, los m\u00e1s afectados por el temblor.<\/p>\n<\/div>\n","protected":false},"excerpt":{"rendered":"<p>AP. TUXTLA GUTIERREZ, M\u00e9xico.- Un sismo de magnitud 6,9 en la costa de la frontera entre M\u00e9xico y Guatemala provoc\u00f3 el lunes la muerte de al menos cuatro personas, reportaron autoridades de ambos pa\u00edses. El Servicio Geol\u00f3gico Nacional de Estados Unidos dijo que el movimiento tel\u00farico ocurri\u00f3 a las 6.23 (1123 GMT) en la costa [&hellip;]<\/p>\n","protected":false},"author":1,"featured_media":0,"comment_status":"open","ping_status":"open","sticky":false,"template":"","format":"standard","meta":{"footnotes":""},"categories":[1],"tags":[],"class_list":["post-1636","post","type-post","status-publish","format-standard","hentry","category-entretenimiento"],"_links":{"self":[{"href":"https:\/\/2horizontes.com\/index.php?rest_route=\/wp\/v2\/posts\/1636","targetHints":{"allow":["GET"]}}],"collection":[{"href":"https:\/\/2horizontes.com\/index.php?rest_route=\/wp\/v2\/posts"}],"about":[{"href":"https:\/\/2horizontes.com\/index.php?rest_route=\/wp\/v2\/types\/post"}],"author":[{"embeddable":true,"href":"https:\/\/2horizontes.com\/index.php?rest_route=\/wp\/v2\/users\/1"}],"replies":[{"embeddable":true,"href":"https:\/\/2horizontes.com\/index.php?rest_route=%2Fwp%2Fv2%2Fcomments&post=1636"}],"version-history":[{"count":1,"href":"https:\/\/2horizontes.com\/index.php?rest_route=\/wp\/v2\/posts\/1636\/revisions"}],"predecessor-version":[{"id":1638,"href":"https:\/\/2horizontes.com\/index.php?rest_route=\/wp\/v2\/posts\/1636\/revisions\/1638"}],"wp:attachment":[{"href":"https:\/\/2horizontes.com\/index.php?rest_route=%2Fwp%2Fv2%2Fmedia&parent=1636"}],"wp:term":[{"taxonomy":"category","embeddable":true,"href":"https:\/\/2horizontes.com\/index.php?rest_route=%2Fwp%2Fv2%2Fcategories&post=1636"},{"taxonomy":"post_tag","embeddable":true,"href":"https:\/\/2horizontes.com\/index.php?rest_route=%2Fwp%2Fv2%2Ftags&post=1636"}],"curies":[{"name":"wp","href":"https:\/\/api.w.org\/{rel}","templated":true}]}}