{"id":16316,"date":"2015-07-13T18:16:14","date_gmt":"2015-07-13T17:16:14","guid":{"rendered":"http:\/\/2horizontes.com\/?p=16316"},"modified":"2015-07-13T18:17:37","modified_gmt":"2015-07-13T17:17:37","slug":"danilo-ganaria-con-abrumadora-mayoria-segun-ministro-peralta","status":"publish","type":"post","link":"https:\/\/2horizontes.com\/?p=16316","title":{"rendered":"Danilo ganar\u00eda con abrumadora mayor\u00eda, seg\u00fan Ministro Peralta"},"content":{"rendered":"<p>RD-SANTO DOMINGO.- El presidente Danilo Medina ganar\u00eda con una abrumadora mayor\u00eda, seg\u00fan Jos\u00e9 Ram\u00f3n Peralta, ministro administrativo de la Presidencia.<\/p>\n<p>Afirmo que el 69% de los votantes dominicanos est\u00e1 convencido de que el pr\u00f3ximo gobierno de Danilo Medina ser\u00e1 mejor que el actual y que as\u00ed lo demuestran dos encuestas realizadas en junio.<\/p>\n<p>Peralta explic\u00f3 en su cuenta de Twitter que los sondeos se llevaron a cabo del 20 al 23 y del 25 al 30 de junio, con 1,200 muestras cada una y un margen de error de 2.8%, la primera, y 2.5% la otra. No especific\u00f3 los nombres de las firmas que los realizaron.<\/p>\n<p>Indic\u00f3 que 3\/4 partes de los dominicanos est\u00e1n de acuerdo con la reelecci\u00f3n del presidente Medina.<\/p>\n<p>\u201cSeg\u00fan estas encuestas, el presidente Danilo Medina contin\u00faa como el l\u00edder pol\u00edtico mejor valorado en la Rep\u00fablica Dominicana, seguido de la vicepresidenta de la Rep\u00fablica, Margarita Cede\u00f1o de Fern\u00e1ndez, con 5.55 y 5.6 en una y otra encuestas, y Luis Abinader, con 4.69 y 5.5, respectivamente\u201d, agreg\u00f3.<\/p>\n","protected":false},"excerpt":{"rendered":"<p>RD-SANTO DOMINGO.- El presidente Danilo Medina ganar\u00eda con una abrumadora mayor\u00eda, seg\u00fan Jos\u00e9 Ram\u00f3n Peralta, ministro administrativo de la Presidencia. Afirmo que el 69% de los votantes dominicanos est\u00e1 convencido de que el pr\u00f3ximo gobierno de Danilo Medina ser\u00e1 mejor que el actual y que as\u00ed lo demuestran dos encuestas realizadas en junio. Peralta explic\u00f3 [&hellip;]<\/p>\n","protected":false},"author":8,"featured_media":16317,"comment_status":"open","ping_status":"open","sticky":false,"template":"","format":"standard","meta":{"footnotes":""},"categories":[43],"tags":[],"class_list":["post-16316","post","type-post","status-publish","format-standard","has-post-thumbnail","hentry","category-politica"],"_links":{"self":[{"href":"https:\/\/2horizontes.com\/index.php?rest_route=\/wp\/v2\/posts\/16316","targetHints":{"allow":["GET"]}}],"collection":[{"href":"https:\/\/2horizontes.com\/index.php?rest_route=\/wp\/v2\/posts"}],"about":[{"href":"https:\/\/2horizontes.com\/index.php?rest_route=\/wp\/v2\/types\/post"}],"author":[{"embeddable":true,"href":"https:\/\/2horizontes.com\/index.php?rest_route=\/wp\/v2\/users\/8"}],"replies":[{"embeddable":true,"href":"https:\/\/2horizontes.com\/index.php?rest_route=%2Fwp%2Fv2%2Fcomments&post=16316"}],"version-history":[{"count":3,"href":"https:\/\/2horizontes.com\/index.php?rest_route=\/wp\/v2\/posts\/16316\/revisions"}],"predecessor-version":[{"id":16320,"href":"https:\/\/2horizontes.com\/index.php?rest_route=\/wp\/v2\/posts\/16316\/revisions\/16320"}],"wp:featuredmedia":[{"embeddable":true,"href":"https:\/\/2horizontes.com\/index.php?rest_route=\/wp\/v2\/media\/16317"}],"wp:attachment":[{"href":"https:\/\/2horizontes.com\/index.php?rest_route=%2Fwp%2Fv2%2Fmedia&parent=16316"}],"wp:term":[{"taxonomy":"category","embeddable":true,"href":"https:\/\/2horizontes.com\/index.php?rest_route=%2Fwp%2Fv2%2Fcategories&post=16316"},{"taxonomy":"post_tag","embeddable":true,"href":"https:\/\/2horizontes.com\/index.php?rest_route=%2Fwp%2Fv2%2Ftags&post=16316"}],"curies":[{"name":"wp","href":"https:\/\/api.w.org\/{rel}","templated":true}]}}