{"id":16313,"date":"2015-07-13T18:11:46","date_gmt":"2015-07-13T17:11:46","guid":{"rendered":"http:\/\/2horizontes.com\/?p=16313"},"modified":"2015-07-13T18:11:46","modified_gmt":"2015-07-13T17:11:46","slug":"monte-plata-en-huelga-convoco-observatorio-pro-desarrollo-rd","status":"publish","type":"post","link":"https:\/\/2horizontes.com\/?p=16313","title":{"rendered":"Monte Plata: en huelga convoc\u00f3 Observatorio Pro Desarrollo RD"},"content":{"rendered":"<p>RD &#8211; MONTE PLATA, Rep\u00fablica Dominicana.- Con quemas de neum\u00e1ticos en las calles arranc\u00f3 este lunes el paro por 48 horas convocado por varias organizaciones en la provincia Monte Plata.<\/p>\n<p>Santo de los Santos, vocero y coordinador provincial del Observatorio Pro Desarrollo de la Provincia Monte Plata, inform\u00f3 que la huelga durar\u00e1 hasta las 6:00 de la ma\u00f1ana del mi\u00e9rcoles.<\/p>\n<p>Dijo que el municipio de Guerra, en la provincia Santo Domingo, se uni\u00f3 al paro, debido a que padece las mismas dificultades que Monte Plata.<\/p>\n<p>\u201cEl Gobierno no nos dej\u00f3 otro camino que no sea del paro y la lucha por el derecho a mejores condiciones de vida\u201d, expres\u00f3 a Noticias SIN.<\/p>\n<p>Afirm\u00f3 que \u201cel Observatorio agot\u00f3 todos los procedimientos de acercamientos y de propuestas con las instituciones del Gobierno que tienen la responsabilidad de resolver los problemas que afectan a la provincia Monte Plata\u201d.<\/p>\n<p>Indic\u00f3 que el Ministerio de Obras P\u00fablicas y Comunicaciones decidi\u00f3, de manera arbitraria, romper con la \u201cMesa del Di\u00e1logo\u201d conformada por entidades campesinas, religiosas, sindicales y profesionales del \u00e1rea.<\/p>\n<p>\u201cCon esa decisi\u00f3n, Obras P\u00fablicas rehuye a su responsabilidad de reparar y terminar las carreteras y acueductos, obras paralizadas desde que Danilo Medina gan\u00f3 la presidencia\u201d, subray\u00f3.<\/p>\n<p>Explic\u00f3 que la principal demanda de los organizadores del paro es la permanencia en esta provincia de la extensi\u00f3n del Instituto Superior de Formaci\u00f3n Docente Salome Ure\u00f1a (Isfodosu).<\/p>\n<p>\u201cActualmente, la extensi\u00f3n universitaria cuenta con una matr\u00edcula superior a los 400 estudiantes, 226 de los cuales viven en el municipio Sabana Grande de Boy\u00e1\u201d, destac\u00f3.<\/p>\n<p>Denunci\u00f3, asimismo, que el personal docente de dicho centro no cobra desde hace tres meses, al igual que los suplidores de alimentos, lo que ha provocado la eliminaci\u00f3n del almuerzo de los estudiantes.<\/p>\n<p>Demand\u00f3 tambi\u00e9n que el Gobierno rescinda del contrato \u201cleonino y fraudulento\u201d con la empresa que administra la autov\u00eda Santo Domingo-Saman\u00e1, debido a que los 2 mil 300 millones anuales que se le pagan por \u201cpeajes sombras\u201d pueden ser utilizados para construir decenas de obras en la provincia.<\/p>\n","protected":false},"excerpt":{"rendered":"<p>RD &#8211; MONTE PLATA, Rep\u00fablica Dominicana.- Con quemas de neum\u00e1ticos en las calles arranc\u00f3 este lunes el paro por 48 horas convocado por varias organizaciones en la provincia Monte Plata. Santo de los Santos, vocero y coordinador provincial del Observatorio Pro Desarrollo de la Provincia Monte Plata, inform\u00f3 que la huelga durar\u00e1 hasta las 6:00 [&hellip;]<\/p>\n","protected":false},"author":8,"featured_media":16314,"comment_status":"open","ping_status":"open","sticky":false,"template":"","format":"standard","meta":{"footnotes":""},"categories":[53],"tags":[],"class_list":["post-16313","post","type-post","status-publish","format-standard","has-post-thumbnail","hentry","category-provincias"],"_links":{"self":[{"href":"https:\/\/2horizontes.com\/index.php?rest_route=\/wp\/v2\/posts\/16313","targetHints":{"allow":["GET"]}}],"collection":[{"href":"https:\/\/2horizontes.com\/index.php?rest_route=\/wp\/v2\/posts"}],"about":[{"href":"https:\/\/2horizontes.com\/index.php?rest_route=\/wp\/v2\/types\/post"}],"author":[{"embeddable":true,"href":"https:\/\/2horizontes.com\/index.php?rest_route=\/wp\/v2\/users\/8"}],"replies":[{"embeddable":true,"href":"https:\/\/2horizontes.com\/index.php?rest_route=%2Fwp%2Fv2%2Fcomments&post=16313"}],"version-history":[{"count":1,"href":"https:\/\/2horizontes.com\/index.php?rest_route=\/wp\/v2\/posts\/16313\/revisions"}],"predecessor-version":[{"id":16315,"href":"https:\/\/2horizontes.com\/index.php?rest_route=\/wp\/v2\/posts\/16313\/revisions\/16315"}],"wp:featuredmedia":[{"embeddable":true,"href":"https:\/\/2horizontes.com\/index.php?rest_route=\/wp\/v2\/media\/16314"}],"wp:attachment":[{"href":"https:\/\/2horizontes.com\/index.php?rest_route=%2Fwp%2Fv2%2Fmedia&parent=16313"}],"wp:term":[{"taxonomy":"category","embeddable":true,"href":"https:\/\/2horizontes.com\/index.php?rest_route=%2Fwp%2Fv2%2Fcategories&post=16313"},{"taxonomy":"post_tag","embeddable":true,"href":"https:\/\/2horizontes.com\/index.php?rest_route=%2Fwp%2Fv2%2Ftags&post=16313"}],"curies":[{"name":"wp","href":"https:\/\/api.w.org\/{rel}","templated":true}]}}