{"id":16310,"date":"2015-07-13T18:06:47","date_gmt":"2015-07-13T17:06:47","guid":{"rendered":"http:\/\/2horizontes.com\/?p=16310"},"modified":"2015-07-13T18:06:47","modified_gmt":"2015-07-13T17:06:47","slug":"embajadora-francia-reconoce-derecho-rd-a-implementar-politica-migratoria","status":"publish","type":"post","link":"https:\/\/2horizontes.com\/?p=16310","title":{"rendered":"Embajadora Francia reconoce derecho RD a implementar pol\u00edtica migratoria"},"content":{"rendered":"<p>RD-SANTO DOMINGO.- Rep\u00fablica Dominicana es un pa\u00eds soberano y tiene el derecho de implementar la pol\u00edtica migratoria que establezcan sus leyes sin que nadie tenga que decir nada al respecto, afirm\u00f3 aqu\u00ed la embajadora de Francia en el pa\u00eds, Blandine Kreiss.<\/p>\n<p>\u201cSin embargo, a mi pa\u00eds y a la comunidad internacional nos preocupa la situaci\u00f3n en que quedar\u00e1n las personas que no pudieron acogerse a la ley que establece un r\u00e9gimen especial para los nacidos en el territorio dominicano que fueron inscritos de forma irregular en el registro civil\u201d, dijo la diplom\u00e1tica.<\/p>\n<p>Asimismo, manifest\u00f3 preocupaci\u00f3n por los nacidos en Rep\u00fablica Dominicana de padres haitianos, que nunca fueron registrados y que no se acogieron al Plan Nacional de Registraci\u00f3n de Extranjeros.<\/p>\n<p>\u201cEsta es una situaci\u00f3n muy complicada, porque esas personas quedar\u00edan sin nacionalidad, que es un derecho fundamental del ser humano\u201d, indic\u00f3.<\/p>\n<p>Kreiss valor\u00f3 los esfuerzos del gobierno de la Rep\u00fablica Dominicana para ordenar la inmigraci\u00f3n y asegur\u00f3 que Francia y la comunidad europea tienen la voluntad de acompa\u00f1arla en ese proceso.<\/p>\n<p>Opin\u00f3 que el presidente Danilo Medina se ha esforzado en fortalecer las relaciones con Hait\u00ed a trav\u00e9s de los di\u00e1logos bilaterales, que tanto Francia como la Uni\u00f3n Europea (UE) favorecen.<\/p>\n<p>Subray\u00f3 que \u201cese di\u00e1logo debe permitir que Rep\u00fablica Dominicana y Hait\u00ed encuentren las v\u00edas de enfrentar sus problemas comerciales, aduaneros, medioambientales y de salud\u201d.<\/p>\n<p>Asimismo, neg\u00f3 que Francia, Estados Unidos o Canad\u00e1 hayan planificado fusionar a Rep\u00fablica Dominicana y Hait\u00ed, como se ha comentado.<\/p>\n<p>\u201cEsos planteamientos carecen de fundamento. Eso es un mito, una fantas\u00eda, que ata\u00f1e a la imaginaci\u00f3n de algunos para justificar sus pol\u00edticas ultranacionalistas. No hay nada de fundamento en eso\u201d, afirm\u00f3.<\/p>\n<p>Asegur\u00f3 que \u201cFrancia siempre ha respetado la soberan\u00eda y la integridad territorial de estos dos pa\u00edses\u201d.<\/p>\n","protected":false},"excerpt":{"rendered":"<p>RD-SANTO DOMINGO.- Rep\u00fablica Dominicana es un pa\u00eds soberano y tiene el derecho de implementar la pol\u00edtica migratoria que establezcan sus leyes sin que nadie tenga que decir nada al respecto, afirm\u00f3 aqu\u00ed la embajadora de Francia en el pa\u00eds, Blandine Kreiss. \u201cSin embargo, a mi pa\u00eds y a la comunidad internacional nos preocupa la situaci\u00f3n [&hellip;]<\/p>\n","protected":false},"author":8,"featured_media":16311,"comment_status":"open","ping_status":"open","sticky":false,"template":"","format":"standard","meta":{"footnotes":""},"categories":[44],"tags":[],"class_list":["post-16310","post","type-post","status-publish","format-standard","has-post-thumbnail","hentry","category-republica-dominicana"],"_links":{"self":[{"href":"https:\/\/2horizontes.com\/index.php?rest_route=\/wp\/v2\/posts\/16310","targetHints":{"allow":["GET"]}}],"collection":[{"href":"https:\/\/2horizontes.com\/index.php?rest_route=\/wp\/v2\/posts"}],"about":[{"href":"https:\/\/2horizontes.com\/index.php?rest_route=\/wp\/v2\/types\/post"}],"author":[{"embeddable":true,"href":"https:\/\/2horizontes.com\/index.php?rest_route=\/wp\/v2\/users\/8"}],"replies":[{"embeddable":true,"href":"https:\/\/2horizontes.com\/index.php?rest_route=%2Fwp%2Fv2%2Fcomments&post=16310"}],"version-history":[{"count":1,"href":"https:\/\/2horizontes.com\/index.php?rest_route=\/wp\/v2\/posts\/16310\/revisions"}],"predecessor-version":[{"id":16312,"href":"https:\/\/2horizontes.com\/index.php?rest_route=\/wp\/v2\/posts\/16310\/revisions\/16312"}],"wp:featuredmedia":[{"embeddable":true,"href":"https:\/\/2horizontes.com\/index.php?rest_route=\/wp\/v2\/media\/16311"}],"wp:attachment":[{"href":"https:\/\/2horizontes.com\/index.php?rest_route=%2Fwp%2Fv2%2Fmedia&parent=16310"}],"wp:term":[{"taxonomy":"category","embeddable":true,"href":"https:\/\/2horizontes.com\/index.php?rest_route=%2Fwp%2Fv2%2Fcategories&post=16310"},{"taxonomy":"post_tag","embeddable":true,"href":"https:\/\/2horizontes.com\/index.php?rest_route=%2Fwp%2Fv2%2Ftags&post=16310"}],"curies":[{"name":"wp","href":"https:\/\/api.w.org\/{rel}","templated":true}]}}