{"id":16299,"date":"2015-07-13T17:45:45","date_gmt":"2015-07-13T16:45:45","guid":{"rendered":"http:\/\/2horizontes.com\/?p=16299"},"modified":"2015-07-13T17:45:45","modified_gmt":"2015-07-13T16:45:45","slug":"murio-ayer-el-artista-plastico-ramon-oviedo-rd","status":"publish","type":"post","link":"https:\/\/2horizontes.com\/?p=16299","title":{"rendered":"Muri\u00f3 ayer el artista pl\u00e1stico Ram\u00f3n Oviedo RD"},"content":{"rendered":"<p>RD SANTO DOMINGO-Ram\u00f3n Oviedo, maestro de la pintura dominicana, reconocido muralista, dibujante y humanista dominicano de ascendencia internacional, falleci\u00f3 ayer a la edad de 92 a\u00f1os, dejando un rastro imborrable en la memoria de los amantes del arte en Rep\u00fablica Dominicana.<\/p>\n<p>Sus restos ser\u00e1n velados a partir de las nueve de la ma\u00f1ana de hoy en la Funeraria Blandino de la avenida Abraham Lincoln. La voluntad que expres\u00f3 a sus familiares, fue que lo cremaran.<\/p>\n<p>Al maestro del pincel le sobreviven sus hijos Rafael, Ram\u00f3n, Aracelis, Carlos, Mayra, Tamara y Ra\u00fal Oviedo Col\u00f3n.<\/p>\n<p>Su nieto, el tambi\u00e9n pintor, Omar Molina Oviedo, lo defini\u00f3 como \u201cel pincel de la resistencia, la humildad hecha persona\u201d. De su abuelo destac\u00f3 su don de gente, su gran sentido solidario y humanitario. Lo describi\u00f3 como un artista de gran dimensi\u00f3n que vivi\u00f3 su arte y lo puso a disposici\u00f3n de los valores m\u00e1s altos de la universalidad de lo nacional.<\/p>\n<p>El maestro hab\u00eda nacido en Barahona en 1927. Autodidacta.<\/p>\n<p>Estudi\u00f3 fotograbado y cartograf\u00eda en Panam\u00e1.<\/p>\n<p>A su regreso trabaj\u00f3 dibujo publicitario para las m\u00e1s importantes agencias del pa\u00eds. Se inici\u00f3 en el mundo de la gr\u00e1fica y emerge como pintor a principios de la d\u00e9cada de 1960. En 1964 comenz\u00f3 a exponer sus trabajos en muestras colectivas.<\/p>\n<p>En 1966 realiz\u00f3 su primera individual. En 1965 fue miembro del Frente Cultural.<\/p>\n","protected":false},"excerpt":{"rendered":"<p>RD SANTO DOMINGO-Ram\u00f3n Oviedo, maestro de la pintura dominicana, reconocido muralista, dibujante y humanista dominicano de ascendencia internacional, falleci\u00f3 ayer a la edad de 92 a\u00f1os, dejando un rastro imborrable en la memoria de los amantes del arte en Rep\u00fablica Dominicana. Sus restos ser\u00e1n velados a partir de las nueve de la ma\u00f1ana de hoy [&hellip;]<\/p>\n","protected":false},"author":8,"featured_media":16300,"comment_status":"open","ping_status":"open","sticky":false,"template":"","format":"standard","meta":{"footnotes":""},"categories":[44],"tags":[],"class_list":["post-16299","post","type-post","status-publish","format-standard","has-post-thumbnail","hentry","category-republica-dominicana"],"_links":{"self":[{"href":"https:\/\/2horizontes.com\/index.php?rest_route=\/wp\/v2\/posts\/16299","targetHints":{"allow":["GET"]}}],"collection":[{"href":"https:\/\/2horizontes.com\/index.php?rest_route=\/wp\/v2\/posts"}],"about":[{"href":"https:\/\/2horizontes.com\/index.php?rest_route=\/wp\/v2\/types\/post"}],"author":[{"embeddable":true,"href":"https:\/\/2horizontes.com\/index.php?rest_route=\/wp\/v2\/users\/8"}],"replies":[{"embeddable":true,"href":"https:\/\/2horizontes.com\/index.php?rest_route=%2Fwp%2Fv2%2Fcomments&post=16299"}],"version-history":[{"count":1,"href":"https:\/\/2horizontes.com\/index.php?rest_route=\/wp\/v2\/posts\/16299\/revisions"}],"predecessor-version":[{"id":16301,"href":"https:\/\/2horizontes.com\/index.php?rest_route=\/wp\/v2\/posts\/16299\/revisions\/16301"}],"wp:featuredmedia":[{"embeddable":true,"href":"https:\/\/2horizontes.com\/index.php?rest_route=\/wp\/v2\/media\/16300"}],"wp:attachment":[{"href":"https:\/\/2horizontes.com\/index.php?rest_route=%2Fwp%2Fv2%2Fmedia&parent=16299"}],"wp:term":[{"taxonomy":"category","embeddable":true,"href":"https:\/\/2horizontes.com\/index.php?rest_route=%2Fwp%2Fv2%2Fcategories&post=16299"},{"taxonomy":"post_tag","embeddable":true,"href":"https:\/\/2horizontes.com\/index.php?rest_route=%2Fwp%2Fv2%2Ftags&post=16299"}],"curies":[{"name":"wp","href":"https:\/\/api.w.org\/{rel}","templated":true}]}}