{"id":16290,"date":"2015-07-13T17:13:05","date_gmt":"2015-07-13T16:13:05","guid":{"rendered":"http:\/\/2horizontes.com\/?p=16290"},"modified":"2015-07-13T17:13:05","modified_gmt":"2015-07-13T16:13:05","slug":"alcalde-roberto-salcedo-inicia-construccion-de-parque-loma-del-chivo","status":"publish","type":"post","link":"https:\/\/2horizontes.com\/?p=16290","title":{"rendered":"Alcalde Roberto Salcedo inicia construcci\u00f3n de parque Loma del Chivo"},"content":{"rendered":"<p>RD &#8211; SANTO DOMINGO &#8211; El alcalde del Distrito Nacional, Roberto Salcedo, dio el primer picazo para dejar iniciados los trabajos de construcci\u00f3n de un parque en el sector La Loma del Chivo, ubicado entre los sectores Mar\u00eda Auxiliadora y 27 de Febrero, de la capital.<\/p>\n<p>La obra est\u00e1 contemplada dentro del Presupuesto Participativo, debido a que los moradores de ese sector no contaban con un espacio para la recreaci\u00f3n familiar y esparcimiento.<\/p>\n<p>Durante el acto, Salcedo explic\u00f3 que el cabildo tuvo que adquirir nueve casitas para permitir la construcci\u00f3n del parque en un \u00e1rea de 300 metros cuadrados.<\/p>\n<p>Indic\u00f3 que el parque constitu\u00eda una de las prioridades que hab\u00edan solicitado los residentes de esa barriada. Explic\u00f3 que el parque constar\u00e1 de un gazebo, \u00e1rea infantil y un gimnasio con las maquinarias correspondientes para que la poblaci\u00f3n pueda ejercitarse diariamente y de ese modo preservar la salud.<\/p>\n<p>Salcedo destac\u00f3 que la obra fue consensuada con los moradores y los directivos de la Junta de Vecinos de la Loma de Chivo. Dijo que las autoridades del cabildo no escatimar\u00e1n esfuerzos en atender las principales necesidades de los barrios carenciados del Distrito Nacional.<\/p>\n<p>Mientras que el representante de la Junta de Vecinos de la Loma de Chivo, Andr\u00e9s Ma\u00f1\u00f3n, agradeci\u00f3 la construcci\u00f3n del parque por disposici\u00f3n del cabildo. Dijo que con el nuevo espacio los residentes de la zona tendr\u00e1n la oportunidad de recrearse, entre ellos los ni\u00f1os que podr\u00e1n jugar y los j\u00f3venes a ejercitarse sanamente.<\/p>\n<p>Resalt\u00f3 el esfuerzo del alcalde Salcedo de atender los reclamos de los barrios marginados de la capital. La Loma del Chivo es un sector con una alta densidad poblacional, el cual no contaba con un espacio p\u00fablico para el disfrute de las familias.<\/p>\n","protected":false},"excerpt":{"rendered":"<p>RD &#8211; SANTO DOMINGO &#8211; El alcalde del Distrito Nacional, Roberto Salcedo, dio el primer picazo para dejar iniciados los trabajos de construcci\u00f3n de un parque en el sector La Loma del Chivo, ubicado entre los sectores Mar\u00eda Auxiliadora y 27 de Febrero, de la capital. La obra est\u00e1 contemplada dentro del Presupuesto Participativo, debido [&hellip;]<\/p>\n","protected":false},"author":8,"featured_media":16291,"comment_status":"open","ping_status":"open","sticky":false,"template":"","format":"standard","meta":{"footnotes":""},"categories":[44],"tags":[],"class_list":["post-16290","post","type-post","status-publish","format-standard","has-post-thumbnail","hentry","category-republica-dominicana"],"_links":{"self":[{"href":"https:\/\/2horizontes.com\/index.php?rest_route=\/wp\/v2\/posts\/16290","targetHints":{"allow":["GET"]}}],"collection":[{"href":"https:\/\/2horizontes.com\/index.php?rest_route=\/wp\/v2\/posts"}],"about":[{"href":"https:\/\/2horizontes.com\/index.php?rest_route=\/wp\/v2\/types\/post"}],"author":[{"embeddable":true,"href":"https:\/\/2horizontes.com\/index.php?rest_route=\/wp\/v2\/users\/8"}],"replies":[{"embeddable":true,"href":"https:\/\/2horizontes.com\/index.php?rest_route=%2Fwp%2Fv2%2Fcomments&post=16290"}],"version-history":[{"count":1,"href":"https:\/\/2horizontes.com\/index.php?rest_route=\/wp\/v2\/posts\/16290\/revisions"}],"predecessor-version":[{"id":16292,"href":"https:\/\/2horizontes.com\/index.php?rest_route=\/wp\/v2\/posts\/16290\/revisions\/16292"}],"wp:featuredmedia":[{"embeddable":true,"href":"https:\/\/2horizontes.com\/index.php?rest_route=\/wp\/v2\/media\/16291"}],"wp:attachment":[{"href":"https:\/\/2horizontes.com\/index.php?rest_route=%2Fwp%2Fv2%2Fmedia&parent=16290"}],"wp:term":[{"taxonomy":"category","embeddable":true,"href":"https:\/\/2horizontes.com\/index.php?rest_route=%2Fwp%2Fv2%2Fcategories&post=16290"},{"taxonomy":"post_tag","embeddable":true,"href":"https:\/\/2horizontes.com\/index.php?rest_route=%2Fwp%2Fv2%2Ftags&post=16290"}],"curies":[{"name":"wp","href":"https:\/\/api.w.org\/{rel}","templated":true}]}}