{"id":16266,"date":"2015-07-13T15:54:18","date_gmt":"2015-07-13T14:54:18","guid":{"rendered":"http:\/\/2horizontes.com\/?p=16266"},"modified":"2015-07-13T15:54:18","modified_gmt":"2015-07-13T14:54:18","slug":"envian-a-prision-a-hombre-que-lanzo-acido-del-diablo-a-su-expareja-rd","status":"publish","type":"post","link":"https:\/\/2horizontes.com\/?p=16266","title":{"rendered":"Env\u00edan a prisi\u00f3n a hombre que lanz\u00f3 \u201c\u00e1cido del diablo\u201d a su expareja RD"},"content":{"rendered":"<p>RD-SNTO DOMINGO-El Tribunal de Atenci\u00f3n Permanente de la provincia Santo Domingo dict\u00f3 un a\u00f1o de prisi\u00f3n preventiva contra un hombre que intent\u00f3 segarle la vida a su ex pareja con \u201c\u00e1cido del diablo\u201d.<\/p>\n<p>Henrry Suberv\u00ed est\u00e1 acusado de violentar las disposiciones contenidas en los art\u00edculos 309, 309-1 y 309-2, del C\u00f3digo Penal Dominicano, modificado por la Ley 24-97 sobre Violencia Intrafamiliar y contra la Mujer, en perjuicio de Mar\u00eda Paula Betancourt.<\/p>\n<p>El Ministerio P\u00fablico inici\u00f3 la investigaci\u00f3n tras la denuncia realizada por la se\u00f1ora Betancourt en la Unidad de Atenci\u00f3n a V\u00edctimas de Violencia de G\u00e9nero, Sexual e Intrafamiliar donde precis\u00f3 que su expareja intent\u00f3 quitarle la vida roci\u00e1ndole \u00e1cido del diablo en la\u00a0 cara.<\/p>\n<p>Seg\u00fan la resoluci\u00f3n de medida de\u00a0 coerci\u00f3n, el d\u00eda 01 de Julio Suberv\u00ed acudi\u00f3 a la casa de su expareja con un envase que conten\u00eda \u00e1cido del diablo y tras ella advertirle que lo denunciar\u00eda, \u00e9l le verti\u00f3 el l\u00edquido en la cara.<\/p>\n","protected":false},"excerpt":{"rendered":"<p>RD-SNTO DOMINGO-El Tribunal de Atenci\u00f3n Permanente de la provincia Santo Domingo dict\u00f3 un a\u00f1o de prisi\u00f3n preventiva contra un hombre que intent\u00f3 segarle la vida a su ex pareja con \u201c\u00e1cido del diablo\u201d. Henrry Suberv\u00ed est\u00e1 acusado de violentar las disposiciones contenidas en los art\u00edculos 309, 309-1 y 309-2, del C\u00f3digo Penal Dominicano, modificado por [&hellip;]<\/p>\n","protected":false},"author":8,"featured_media":16267,"comment_status":"open","ping_status":"open","sticky":false,"template":"","format":"standard","meta":{"footnotes":""},"categories":[44],"tags":[],"class_list":["post-16266","post","type-post","status-publish","format-standard","has-post-thumbnail","hentry","category-republica-dominicana"],"_links":{"self":[{"href":"https:\/\/2horizontes.com\/index.php?rest_route=\/wp\/v2\/posts\/16266","targetHints":{"allow":["GET"]}}],"collection":[{"href":"https:\/\/2horizontes.com\/index.php?rest_route=\/wp\/v2\/posts"}],"about":[{"href":"https:\/\/2horizontes.com\/index.php?rest_route=\/wp\/v2\/types\/post"}],"author":[{"embeddable":true,"href":"https:\/\/2horizontes.com\/index.php?rest_route=\/wp\/v2\/users\/8"}],"replies":[{"embeddable":true,"href":"https:\/\/2horizontes.com\/index.php?rest_route=%2Fwp%2Fv2%2Fcomments&post=16266"}],"version-history":[{"count":1,"href":"https:\/\/2horizontes.com\/index.php?rest_route=\/wp\/v2\/posts\/16266\/revisions"}],"predecessor-version":[{"id":16268,"href":"https:\/\/2horizontes.com\/index.php?rest_route=\/wp\/v2\/posts\/16266\/revisions\/16268"}],"wp:featuredmedia":[{"embeddable":true,"href":"https:\/\/2horizontes.com\/index.php?rest_route=\/wp\/v2\/media\/16267"}],"wp:attachment":[{"href":"https:\/\/2horizontes.com\/index.php?rest_route=%2Fwp%2Fv2%2Fmedia&parent=16266"}],"wp:term":[{"taxonomy":"category","embeddable":true,"href":"https:\/\/2horizontes.com\/index.php?rest_route=%2Fwp%2Fv2%2Fcategories&post=16266"},{"taxonomy":"post_tag","embeddable":true,"href":"https:\/\/2horizontes.com\/index.php?rest_route=%2Fwp%2Fv2%2Ftags&post=16266"}],"curies":[{"name":"wp","href":"https:\/\/api.w.org\/{rel}","templated":true}]}}