{"id":16256,"date":"2015-07-13T13:55:55","date_gmt":"2015-07-13T12:55:55","guid":{"rendered":"http:\/\/2horizontes.com\/?p=16256"},"modified":"2015-07-13T13:55:55","modified_gmt":"2015-07-13T12:55:55","slug":"se-suman-mas-estrellas-a-premios-juventud","status":"publish","type":"post","link":"https:\/\/2horizontes.com\/?p=16256","title":{"rendered":"Se suman m\u00e1s estrellas a Premios Juventud"},"content":{"rendered":"<p>La lista de artistas para el evento \u201cPremios Juventud\u201d, de la cadena Univisi\u00f3n, sigue creciendo con la integraci\u00f3n de Ricky Martin, Alejandro Sanz, Yandel, Farruko y Christian Daniel.<\/p>\n<p>La duod\u00e9cima edici\u00f3n de los galardones se llevar\u00e1n a cabo el pr\u00f3ximo jueves, a las 8:00 de la noche, por Univisi\u00f3n Puerto Rico.<\/p>\n<p>Entre los talentos, tambi\u00e9n est\u00e1n confirmados Nicky Jam, Chino &amp; Nacho, Fifth Harmony, Larry Hern\u00e1ndez, Luis Coronel, Maite Perroni y Pitbull, quien cantar\u00e1 junto a Mohombi y Wisin.<\/p>\n<p>Sanz se presentar\u00e1 por primera vez en este espect\u00e1culo, en el cual interpretar\u00e1 su tema promocional \u201cZombie a la interperie\u201d. Ricky Martin cantar\u00e1 por primera vez en televisi\u00f3n su nuevo sencillo \u201cLa mordidita\u201d con Yotuel.<\/p>\n<p>Mientras, Yandel promete encender el escenario con su sencillo \u201cCalentura\u201d, Farruko traer\u00e1 su ritmo \u00fanico con la canci\u00f3n \u201cLejos de aqu\u00ed\u201d y Christian Daniel cantar\u00e1 su \u00e9xito \u201cMe vuelvo un cobarde\u201d, seg\u00fan adelant\u00f3 la cadena a trav\u00e9s de un comunicado de prensa.<\/p>\n<p>La entrega de premios tambi\u00e9n marcar\u00e1 el regreso al escenario de la popular cantante y actriz mexicana Anah\u00ed, quien hizo su debut como solista en el evento en el 2009, y ahora regresa para el estreno mundial de su m\u00e1s reciente sencillo \u201cRumba\u201d.<\/p>\n<p>Antes de que se premie lo mejor de la m\u00fasica, a las 7:00 de la noche, se transmitir\u00e1 el programa de antesala \u201cNoche de estrellas de Premios Juventud\u2019, con Carlos Calder\u00f3n, Daniela di Giacomo, Maite Perroni y William Vald\u00e9s. Entre los int\u00e9rprete que amenizar\u00e1n estar\u00e1 el d\u00fao Zion &amp; Lennox, que interpretar\u00e1 el tema \u201cPierdo la cabeza\u201d.<\/p>\n<p>La velada incluir\u00e1 un homenaje al veterano de la televisi\u00f3n hispana Mario Kreutzberger, mejor conocido como Don Francisco, quien por 53 a\u00f1os lider\u00f3 el programa \u201cS\u00e1bado gigante\u201d.<\/p>\n","protected":false},"excerpt":{"rendered":"<p>La lista de artistas para el evento \u201cPremios Juventud\u201d, de la cadena Univisi\u00f3n, sigue creciendo con la integraci\u00f3n de Ricky Martin, Alejandro Sanz, Yandel, Farruko y Christian Daniel. La duod\u00e9cima edici\u00f3n de los galardones se llevar\u00e1n a cabo el pr\u00f3ximo jueves, a las 8:00 de la noche, por Univisi\u00f3n Puerto Rico. Entre los talentos, tambi\u00e9n [&hellip;]<\/p>\n","protected":false},"author":3,"featured_media":16261,"comment_status":"open","ping_status":"open","sticky":false,"template":"","format":"standard","meta":{"footnotes":""},"categories":[1],"tags":[],"class_list":["post-16256","post","type-post","status-publish","format-standard","has-post-thumbnail","hentry","category-entretenimiento"],"_links":{"self":[{"href":"https:\/\/2horizontes.com\/index.php?rest_route=\/wp\/v2\/posts\/16256","targetHints":{"allow":["GET"]}}],"collection":[{"href":"https:\/\/2horizontes.com\/index.php?rest_route=\/wp\/v2\/posts"}],"about":[{"href":"https:\/\/2horizontes.com\/index.php?rest_route=\/wp\/v2\/types\/post"}],"author":[{"embeddable":true,"href":"https:\/\/2horizontes.com\/index.php?rest_route=\/wp\/v2\/users\/3"}],"replies":[{"embeddable":true,"href":"https:\/\/2horizontes.com\/index.php?rest_route=%2Fwp%2Fv2%2Fcomments&post=16256"}],"version-history":[{"count":1,"href":"https:\/\/2horizontes.com\/index.php?rest_route=\/wp\/v2\/posts\/16256\/revisions"}],"predecessor-version":[{"id":16262,"href":"https:\/\/2horizontes.com\/index.php?rest_route=\/wp\/v2\/posts\/16256\/revisions\/16262"}],"wp:featuredmedia":[{"embeddable":true,"href":"https:\/\/2horizontes.com\/index.php?rest_route=\/wp\/v2\/media\/16261"}],"wp:attachment":[{"href":"https:\/\/2horizontes.com\/index.php?rest_route=%2Fwp%2Fv2%2Fmedia&parent=16256"}],"wp:term":[{"taxonomy":"category","embeddable":true,"href":"https:\/\/2horizontes.com\/index.php?rest_route=%2Fwp%2Fv2%2Fcategories&post=16256"},{"taxonomy":"post_tag","embeddable":true,"href":"https:\/\/2horizontes.com\/index.php?rest_route=%2Fwp%2Fv2%2Ftags&post=16256"}],"curies":[{"name":"wp","href":"https:\/\/api.w.org\/{rel}","templated":true}]}}